{"id":7674,"date":"2018-12-10T19:18:54","date_gmt":"2018-12-10T18:18:54","guid":{"rendered":"https:\/\/oak2000.com\/?p=7674"},"modified":"2020-06-22T18:19:36","modified_gmt":"2020-06-22T16:19:36","slug":"tendencies-de-disseny-pel-2019","status":"publish","type":"post","link":"https:\/\/oak2000.com\/ca\/tendencies-de-disseny-pel-2019\/","title":{"rendered":"Tend\u00e8ncies de disseny pel 2019"},"content":{"rendered":"\n<h1>Descobreix les tend\u00e8ncies per a la llar que es duran l&#8217;any vinent.<\/h1>\n<blockquote><p><strong>Espais, materials, mobiliari, tonalitats &#8230;Tot el que has de saber en q\u00fcesti\u00f3 de disseny per aquest 2019.<\/strong><\/p><\/blockquote>\n<p align=\"justify\">A poc per finalitzar l&#8217;any, segur que us preguntareu quines seran les noves tend\u00e8ncies de disseny pel 2019. Durant aquest any, hem estat en diverses fires, com per exemple en el Sal\u00f3 del Moble de Mil\u00e0 o la Fira Habitat de Val\u00e8ncia, i us podem avan\u00e7ar algunes d&#8217;elles.<\/p>\n<p align=\"justify\">Els espais oberts seran els protagonistes. Cuines que s&#8217;integren amb el sal\u00f3 i el menjador, una forma d&#8217;aconseguir un espai molt m\u00e9s ampli amb diverses funcionalitats. L&#8217;ordre dins d&#8217;aquest espai obert ser\u00e0 fonamental, per a aix\u00f2 es poden integrar els electrodom\u00e8stics dins el mobiliari de la cuina, aconseguint un efecte d&#8217;ordre i continu\u00eftat en el mobiliari que far\u00e0 que fins el propi mobiliari de la cuina s&#8217;integri amb el del sal\u00f3.<\/p>\n\n<p align=\"justify\">\n<p align=\"justify\">Els materials com el terratzo o el ciment prenen for\u00e7a i apareixen en banys, cuines,&#8230; ja sigui en parets o en paviments.<\/p>\n\n<p align=\"justify\">Els tons pastissos i roses, grisos, el groc mostassa, o el verd fosc i el blav\u00f3s, s\u00f3n els colors predominants. Mobles, t\u00e8xtils, cer\u00e0miques, parets, es tenyiran d&#8217;aquests colors.<\/p>\n\n<p align=\"justify\">Les cuines es tenyeixen de negre. Els mobles, els taulells, les aixetes i piques en un \u00fanic color el negre, i si es combinen amb paviments i parets en tons clars queda un resultat espectacular.<\/p>\n\n","protected":false},"excerpt":{"rendered":"<p>Descobreix les tend\u00e8ncies per a la llar que es duran l&#8217;any vinent. Espais, materials, mobiliari, tonalitats &#8230;Tot el que has de saber en q\u00fcesti\u00f3 de disseny per aquest 2019. A&#8230;<\/p>\n","protected":false},"author":1,"featured_media":7675,"comment_status":"closed","ping_status":"closed","sticky":false,"template":"","format":"standard","meta":{"footnotes":""},"categories":[463],"tags":[540,541,542,543,544,545,546],"yoast_head":"<!-- This site is optimized with the Yoast SEO plugin v21.5 - https:\/\/yoast.com\/wordpress\/plugins\/seo\/ -->\n<title>Tend\u00e8ncies de disseny pel 2019 - OAK 2000<\/title>\n<meta name=\"description\" content=\"Vesteix la teva llar amb les tend\u00e8ncies que es portaran el proper any. Descobreix quins materials,tons,mobiliari,espais..Seran protagonistes.\" \/>\n<meta name=\"robots\" content=\"index, follow, max-snippet:-1, max-image-preview:large, max-video-preview:-1\" \/>\n<link rel=\"canonical\" href=\"https:\/\/oak2000.com\/ca\/tendencies-de-disseny-pel-2019\/\" \/>\n<meta property=\"og:locale\" content=\"ca_ES\" \/>\n<meta property=\"og:type\" content=\"article\" \/>\n<meta property=\"og:title\" content=\"Tend\u00e8ncies de disseny pel 2019 - OAK 2000\" \/>\n<meta property=\"og:description\" content=\"Vesteix la teva llar amb les tend\u00e8ncies que es portaran el proper any. Descobreix quins materials,tons,mobiliari,espais..Seran protagonistes.\" \/>\n<meta property=\"og:url\" content=\"https:\/\/oak2000.com\/ca\/tendencies-de-disseny-pel-2019\/\" \/>\n<meta property=\"og:site_name\" content=\"OAK 2000\" \/>\n<meta property=\"article:published_time\" content=\"2018-12-10T18:18:54+00:00\" \/>\n<meta property=\"article:modified_time\" content=\"2020-06-22T16:19:36+00:00\" \/>\n<meta property=\"og:image\" content=\"https:\/\/oak2000.com\/wp-content\/uploads\/2018\/12\/tendencies-interiorisme-2019.jpg\" \/>\n\t<meta property=\"og:image:width\" content=\"750\" \/>\n\t<meta property=\"og:image:height\" content=\"462\" \/>\n\t<meta property=\"og:image:type\" content=\"image\/jpeg\" \/>\n<meta name=\"author\" content=\"oak2000\" \/>\n<meta name=\"twitter:card\" content=\"summary_large_image\" \/>\n<meta name=\"twitter:label1\" content=\"Escrit per\" \/>\n\t<meta name=\"twitter:data1\" content=\"oak2000\" \/>\n\t<meta name=\"twitter:label2\" content=\"Temps estimat de lectura\" \/>\n\t<meta name=\"twitter:data2\" content=\"3 minuts\" \/>\n<script type=\"application\/ld+json\" class=\"yoast-schema-graph\">{\"@context\":\"https:\/\/schema.org\",\"@graph\":[{\"@type\":\"WebPage\",\"@id\":\"https:\/\/oak2000.com\/ca\/tendencies-de-disseny-pel-2019\/\",\"url\":\"https:\/\/oak2000.com\/ca\/tendencies-de-disseny-pel-2019\/\",\"name\":\"Tend\u00e8ncies de disseny pel 2019 - OAK 2000\",\"isPartOf\":{\"@id\":\"https:\/\/oak2000.com\/#website\"},\"datePublished\":\"2018-12-10T18:18:54+00:00\",\"dateModified\":\"2020-06-22T16:19:36+00:00\",\"author\":{\"@id\":\"https:\/\/oak2000.com\/#\/schema\/person\/4f481b3104486bfc65469e2fe80c54ac\"},\"description\":\"Vesteix la teva llar amb les tend\u00e8ncies que es portaran el proper any. Descobreix quins materials,tons,mobiliari,espais..Seran protagonistes.\",\"breadcrumb\":{\"@id\":\"https:\/\/oak2000.com\/ca\/tendencies-de-disseny-pel-2019\/#breadcrumb\"},\"inLanguage\":\"ca\",\"potentialAction\":[{\"@type\":\"ReadAction\",\"target\":[\"https:\/\/oak2000.com\/ca\/tendencies-de-disseny-pel-2019\/\"]}]},{\"@type\":\"BreadcrumbList\",\"@id\":\"https:\/\/oak2000.com\/ca\/tendencies-de-disseny-pel-2019\/#breadcrumb\",\"itemListElement\":[{\"@type\":\"ListItem\",\"position\":1,\"name\":\"Portada\",\"item\":\"https:\/\/oak2000.com\/\"},{\"@type\":\"ListItem\",\"position\":2,\"name\":\"Tend\u00e8ncies de disseny pel 2019\"}]},{\"@type\":\"WebSite\",\"@id\":\"https:\/\/oak2000.com\/#website\",\"url\":\"https:\/\/oak2000.com\/\",\"name\":\"OAK 2000\",\"description\":\"\",\"potentialAction\":[{\"@type\":\"SearchAction\",\"target\":{\"@type\":\"EntryPoint\",\"urlTemplate\":\"https:\/\/oak2000.com\/?s={search_term_string}\"},\"query-input\":\"required name=search_term_string\"}],\"inLanguage\":\"ca\"},{\"@type\":\"Person\",\"@id\":\"https:\/\/oak2000.com\/#\/schema\/person\/4f481b3104486bfc65469e2fe80c54ac\",\"name\":\"oak2000\",\"image\":{\"@type\":\"ImageObject\",\"inLanguage\":\"ca\",\"@id\":\"https:\/\/oak2000.com\/#\/schema\/person\/image\/\",\"url\":\"https:\/\/oak2000.com\/wp-content\/uploads\/2025\/02\/cropped-favicon-100x100.png\",\"contentUrl\":\"https:\/\/oak2000.com\/wp-content\/uploads\/2025\/02\/cropped-favicon-100x100.png\",\"caption\":\"oak2000\"}}]}<\/script>\n<!-- \/ Yoast SEO plugin. -->","yoast_head_json":{"title":"Tend\u00e8ncies de disseny pel 2019 - OAK 2000","description":"Vesteix la teva llar amb les tend\u00e8ncies que es portaran el proper any. Descobreix quins materials,tons,mobiliari,espais..Seran protagonistes.","robots":{"index":"index","follow":"follow","max-snippet":"max-snippet:-1","max-image-preview":"max-image-preview:large","max-video-preview":"max-video-preview:-1"},"canonical":"https:\/\/oak2000.com\/ca\/tendencies-de-disseny-pel-2019\/","og_locale":"ca_ES","og_type":"article","og_title":"Tend\u00e8ncies de disseny pel 2019 - OAK 2000","og_description":"Vesteix la teva llar amb les tend\u00e8ncies que es portaran el proper any. Descobreix quins materials,tons,mobiliari,espais..Seran protagonistes.","og_url":"https:\/\/oak2000.com\/ca\/tendencies-de-disseny-pel-2019\/","og_site_name":"OAK 2000","article_published_time":"2018-12-10T18:18:54+00:00","article_modified_time":"2020-06-22T16:19:36+00:00","og_image":[{"width":750,"height":462,"url":"https:\/\/oak2000.com\/wp-content\/uploads\/2018\/12\/tendencies-interiorisme-2019.jpg","type":"image\/jpeg"}],"author":"oak2000","twitter_card":"summary_large_image","twitter_misc":{"Escrit per":"oak2000","Temps estimat de lectura":"3 minuts"},"schema":{"@context":"https:\/\/schema.org","@graph":[{"@type":"WebPage","@id":"https:\/\/oak2000.com\/ca\/tendencies-de-disseny-pel-2019\/","url":"https:\/\/oak2000.com\/ca\/tendencies-de-disseny-pel-2019\/","name":"Tend\u00e8ncies de disseny pel 2019 - OAK 2000","isPartOf":{"@id":"https:\/\/oak2000.com\/#website"},"datePublished":"2018-12-10T18:18:54+00:00","dateModified":"2020-06-22T16:19:36+00:00","author":{"@id":"https:\/\/oak2000.com\/#\/schema\/person\/4f481b3104486bfc65469e2fe80c54ac"},"description":"Vesteix la teva llar amb les tend\u00e8ncies que es portaran el proper any. Descobreix quins materials,tons,mobiliari,espais..Seran protagonistes.","breadcrumb":{"@id":"https:\/\/oak2000.com\/ca\/tendencies-de-disseny-pel-2019\/#breadcrumb"},"inLanguage":"ca","potentialAction":[{"@type":"ReadAction","target":["https:\/\/oak2000.com\/ca\/tendencies-de-disseny-pel-2019\/"]}]},{"@type":"BreadcrumbList","@id":"https:\/\/oak2000.com\/ca\/tendencies-de-disseny-pel-2019\/#breadcrumb","itemListElement":[{"@type":"ListItem","position":1,"name":"Portada","item":"https:\/\/oak2000.com\/"},{"@type":"ListItem","position":2,"name":"Tend\u00e8ncies de disseny pel 2019"}]},{"@type":"WebSite","@id":"https:\/\/oak2000.com\/#website","url":"https:\/\/oak2000.com\/","name":"OAK 2000","description":"","potentialAction":[{"@type":"SearchAction","target":{"@type":"EntryPoint","urlTemplate":"https:\/\/oak2000.com\/?s={search_term_string}"},"query-input":"required name=search_term_string"}],"inLanguage":"ca"},{"@type":"Person","@id":"https:\/\/oak2000.com\/#\/schema\/person\/4f481b3104486bfc65469e2fe80c54ac","name":"oak2000","image":{"@type":"ImageObject","inLanguage":"ca","@id":"https:\/\/oak2000.com\/#\/schema\/person\/image\/","url":"https:\/\/oak2000.com\/wp-content\/uploads\/2025\/02\/cropped-favicon-100x100.png","contentUrl":"https:\/\/oak2000.com\/wp-content\/uploads\/2025\/02\/cropped-favicon-100x100.png","caption":"oak2000"}}]}},"_links":{"self":[{"href":"https:\/\/oak2000.com\/ca\/wp-json\/wp\/v2\/posts\/7674"}],"collection":[{"href":"https:\/\/oak2000.com\/ca\/wp-json\/wp\/v2\/posts"}],"about":[{"href":"https:\/\/oak2000.com\/ca\/wp-json\/wp\/v2\/types\/post"}],"author":[{"embeddable":true,"href":"https:\/\/oak2000.com\/ca\/wp-json\/wp\/v2\/users\/1"}],"replies":[{"embeddable":true,"href":"https:\/\/oak2000.com\/ca\/wp-json\/wp\/v2\/comments?post=7674"}],"version-history":[{"count":1,"href":"https:\/\/oak2000.com\/ca\/wp-json\/wp\/v2\/posts\/7674\/revisions"}],"predecessor-version":[{"id":12436,"href":"https:\/\/oak2000.com\/ca\/wp-json\/wp\/v2\/posts\/7674\/revisions\/12436"}],"wp:featuredmedia":[{"embeddable":true,"href":"https:\/\/oak2000.com\/ca\/wp-json\/wp\/v2\/media\/7675"}],"wp:attachment":[{"href":"https:\/\/oak2000.com\/ca\/wp-json\/wp\/v2\/media?parent=7674"}],"wp:term":[{"taxonomy":"category","embeddable":true,"href":"https:\/\/oak2000.com\/ca\/wp-json\/wp\/v2\/categories?post=7674"},{"taxonomy":"post_tag","embeddable":true,"href":"https:\/\/oak2000.com\/ca\/wp-json\/wp\/v2\/tags?post=7674"}],"curies":[{"name":"wp","href":"https:\/\/api.w.org\/{rel}","templated":true}]}}