{"id":6034,"date":"2018-04-16T13:56:45","date_gmt":"2018-04-16T11:56:45","guid":{"rendered":"https:\/\/oak2000.com\/?p=6034"},"modified":"2020-06-22T18:20:51","modified_gmt":"2020-06-22T16:20:51","slug":"com-escollir-parquet-mes-adequat-per-la-meva-vivenda","status":"publish","type":"post","link":"https:\/\/oak2000.com\/ca\/com-escollir-parquet-mes-adequat-per-la-meva-vivenda\/","title":{"rendered":"Com escollir el Parquet m\u00e9s adequat per a la meva vivenda?"},"content":{"rendered":"<p style=\"text-align: justify;\"><strong>Parquet Natural<\/strong><\/p>\n<p style=\"text-align: justify;\">Sens dubte, no hi ha res comparable al Parquet natural pel que fa a calidesa i noblesa. Avui us donarem les pautes a seguir a l&#8217;hora d&#8217;escollir el Parquet pel vostre habitatge. Primer de tot hem d&#8217;aclarir que la majoria de Parquets que s&#8217;instal\u00b7len avui dia s\u00f3n multicapes. Tenim la capa superior, coneguda com a capa noble o d&#8217;\u00fas, que pot tenir diferents gruixos. A m\u00e9s gruix, m\u00e9s vegades ho podrem polir i m\u00e9s alt ser\u00e0 el preu. L&#8217;habitual en el mercat \u00e9s trobar gruixos de capa noble entre els 2,5 i els 6 mm.<br \/>\nLa resta del tauler pot estar compost de diferents materials, des del m\u00e9s econ\u00f2mic, el HDF (tauler d&#8217;encenalls d&#8217;alta densitat), taulers de fustes con\u00edferes, i tauler contraxapat, format per fines xapes de fustes con\u00edferes, encolades entre si en diferent direcci\u00f3, sent aquesta opci\u00f3 la m\u00e9s estable i de preu m\u00e9s elevat (f1).<\/p>\n<p style=\"text-align: justify;\">Per sobre de les opcions ja nomenades estaria la tarima massissa de fusta noble. Aquesta \u00e9s l&#8217;opci\u00f3 de cotitzaci\u00f3 m\u00e9s alta i necessita d&#8217;una instal\u00b7laci\u00f3 encolada o clavada.<\/p>\n<p>&nbsp;<\/p>\n\n<p style=\"text-align: justify;\"><strong>-Esp\u00e8cie de fusta<\/strong><\/p>\n<p style=\"text-align: justify;\">La m\u00e9s com\u00fa \u00e9s el roure, at\u00e8s que \u00e9s la que t\u00e9 una major densitat i estabilitat. Tamb\u00e9 podem trobar fustes tropicals com la Jatoba o el Merbou, per\u00f2 en ser fustes tropicals seran m\u00e9s inestables, i les con\u00edferes com l&#8217;avet, per\u00f2 hem de tenir en compte que s\u00f3n fustes m\u00e9s toves.<\/p>\n<p style=\"text-align: justify;\"><strong>-Format<\/strong><\/p>\n<p style=\"text-align: justify;\">En els \u00faltims anys la tend\u00e8ncia ha estat anar a formats cada vegada m\u00e9s grans, per\u00f2 l&#8217;\u00faltima tend\u00e8ncia en decoraci\u00f3 s\u00f3n lames molt estretes i llargues.<br \/>\nEls formats cl\u00e0ssics tamb\u00e9 estan a l&#8217;ordre del dia. Tant el format Punta d&#8217;Hongria en multitud de mides, com les espigues o cassetons. Hem de tenir en compte que aquestes geometries hauran d&#8217;anar sempre encolades al suport.<\/p>\n<p>&nbsp;<\/p>\n\n<p style=\"text-align: justify;\"><strong>-Selecci\u00f3 de nus<\/strong><\/p>\n<p style=\"text-align: justify;\">Els arbres tenen nusos i el fet de voler un Parquet sense nusos, vol dir que cal descartar molta fusta per poder quedar-nos amb una partida neta de nus. Aix\u00f2 far\u00e0 pujar molt el preu. Sovint creiem que un Parquet amb nusos ens va donar\u00e0 una est\u00e8tica r\u00fastica, per\u00f2 per a res ha de ser aix\u00ed. Combinat amb un disseny contemporani i una bona il\u00b7luminaci\u00f3, podem escollir sense por 1 Parquet r\u00fastic per al nostre pis a la ciutat.<\/p>\n<p>&nbsp;<\/p>\n\n<p style=\"text-align: justify;\"><strong>-Tonalitat<\/strong><\/p>\n<p style=\"text-align: justify;\">Si parlem del roure, el seu to natural recorda al color del blat. Si volem tonalitats m\u00e9s clares, podem optar per un roure blanquejat i si el que estem buscant \u00e9s una to m\u00e9s fosc, trobem el roure tintat o termotractat. Compte! Els tons clars tendeixen a enfosquir-se amb el temps i els foscos a aclarir. Els tons blanquejats ens donaran un look m\u00e9s n\u00f2rdic, els mitjans s\u00f3n m\u00e9s c\u00e0lids i els foscos m\u00e9s masculins.<\/p>\n<p>&nbsp;<\/p>\n\n<p style=\"text-align: justify;\"><strong>-Acabat<\/strong><\/p>\n<p style=\"text-align: justify;\">Hem de triar l&#8217;acabat que m\u00e9s s&#8217;adapti al nostre perfil. Si el que estem buscant \u00e9s un parquet de f\u00e0cil manteniment i lliure de taques, l&#8217;ideal \u00e9s el vern\u00eds. Cada vegada surten vernissos millors i actualment podem trobar productes amb acabat vern\u00eds efecte oli que tenen un tacte molt semblant a l&#8217;oli i s\u00f3n totalment mates. L&#8217;inconvenient del vern\u00eds \u00e9s que per a la seva restauraci\u00f3 \u00e9s imprescindible el polit de totes les nits fins i tot de tot l&#8217;habitatge.<\/p>\n<p>Si busquem un acabat m\u00e9s natural, podem optar per un oli o la combinaci\u00f3 d&#8217;oli i cera. Amb aquest acabat tenim un contacte directe amb la fusta i per a la seva restauraci\u00f3 no \u00e9s necessari el polit, el que ens permet fer restauracions puntuals. Aix\u00f2 s\u00ed, requereix de m\u00e9s mims. B\u00e0sicament ho hem de mantenir hidratat. I com ho hidratem? Doncs molt f\u00e0cil! \u00c9s tan simple com fregar amb poca aigua i un sab\u00f3 de ph neutre quan fem la neteja setmanal o quinzenal. \u00bfAigua al parquet? Si senyors, el parquet \u00e9s un material hidroscopi que absorbeix i extreu humitat a l&#8217;ambient i \u00e9s important que no se&#8217;ns ressequi.<\/p>\n<p style=\"text-align: justify;\"><strong>-Tacte<\/strong><\/p>\n<p style=\"text-align: justify;\">Aix\u00f2 \u00e9s molt simple, podrem escollir si volem un acabat m\u00e9s sed\u00f3s, polit o raspallat, el que li d\u00f3na m\u00e9s relleu a la veta.<br \/>\nTamb\u00e9 podem trobar acabats envellits i colpejats, que li donen un aspecte m\u00e9s viscut.<\/p>\n<p style=\"text-align: justify;\"><strong>-Bisell<\/strong><\/p>\n<p style=\"text-align: justify;\">I per acabar un altre factor que hem d&#8217;escollir, \u00e9s si volem que les lames estiguin bisellades o no. El m\u00e9s habitual s\u00f3n les lames microbiseladas.<\/p>\n<p>I fins aqu\u00ed els nostres consells per escollir el parquet!<\/p>\n<p>&nbsp;<\/p>\n","protected":false},"excerpt":{"rendered":"<p>Parquet Natural Sens dubte, no hi ha res comparable al Parquet natural pel que fa a calidesa i noblesa. Avui us donarem les pautes a seguir a l&#8217;hora d&#8217;escollir el&#8230;<\/p>\n","protected":false},"author":1,"featured_media":6035,"comment_status":"closed","ping_status":"open","sticky":false,"template":"","format":"standard","meta":{"footnotes":""},"categories":[463],"tags":[515,516,517,518,519],"yoast_head":"<!-- This site is optimized with the Yoast SEO plugin v21.5 - https:\/\/yoast.com\/wordpress\/plugins\/seo\/ -->\n<title>Com escollir el Parquet m\u00e9s adequat per a la meva vivenda? - OAK 2000<\/title>\n<meta name=\"description\" content=\"Consells per escollir el millor parquet per al teu habitatge. Repassem els principals factors a tenir en compte a l&#039;hora de la seva elecci\u00f3: Esp\u00e8cie de fusta, formats, nus, tonalitats, acabats, tacte, bisell.\" \/>\n<meta name=\"robots\" content=\"index, follow, max-snippet:-1, max-image-preview:large, max-video-preview:-1\" \/>\n<link rel=\"canonical\" href=\"https:\/\/oak2000.com\/ca\/com-escollir-parquet-mes-adequat-per-la-meva-vivenda\/\" \/>\n<meta property=\"og:locale\" content=\"ca_ES\" \/>\n<meta property=\"og:type\" content=\"article\" \/>\n<meta property=\"og:title\" content=\"Com escollir el Parquet m\u00e9s adequat per a la meva vivenda? - OAK 2000\" \/>\n<meta property=\"og:description\" content=\"Consells per escollir el millor parquet per al teu habitatge. Repassem els principals factors a tenir en compte a l&#039;hora de la seva elecci\u00f3: Esp\u00e8cie de fusta, formats, nus, tonalitats, acabats, tacte, bisell.\" \/>\n<meta property=\"og:url\" content=\"https:\/\/oak2000.com\/ca\/com-escollir-parquet-mes-adequat-per-la-meva-vivenda\/\" \/>\n<meta property=\"og:site_name\" content=\"OAK 2000\" \/>\n<meta property=\"article:published_time\" content=\"2018-04-16T11:56:45+00:00\" \/>\n<meta property=\"article:modified_time\" content=\"2020-06-22T16:20:51+00:00\" \/>\n<meta property=\"og:image\" content=\"https:\/\/oak2000.com\/wp-content\/uploads\/2018\/04\/parquet-3.jpg\" \/>\n\t<meta property=\"og:image:width\" content=\"564\" \/>\n\t<meta property=\"og:image:height\" content=\"393\" \/>\n\t<meta property=\"og:image:type\" content=\"image\/jpeg\" \/>\n<meta name=\"author\" content=\"oak2000\" \/>\n<meta name=\"twitter:card\" content=\"summary_large_image\" \/>\n<meta name=\"twitter:label1\" content=\"Escrit per\" \/>\n\t<meta name=\"twitter:data1\" content=\"oak2000\" \/>\n\t<meta name=\"twitter:label2\" content=\"Temps estimat de lectura\" \/>\n\t<meta name=\"twitter:data2\" content=\"4 minuts\" \/>\n<script type=\"application\/ld+json\" class=\"yoast-schema-graph\">{\"@context\":\"https:\/\/schema.org\",\"@graph\":[{\"@type\":\"WebPage\",\"@id\":\"https:\/\/oak2000.com\/ca\/com-escollir-parquet-mes-adequat-per-la-meva-vivenda\/\",\"url\":\"https:\/\/oak2000.com\/ca\/com-escollir-parquet-mes-adequat-per-la-meva-vivenda\/\",\"name\":\"Com escollir el Parquet m\u00e9s adequat per a la meva vivenda? - OAK 2000\",\"isPartOf\":{\"@id\":\"https:\/\/oak2000.com\/#website\"},\"datePublished\":\"2018-04-16T11:56:45+00:00\",\"dateModified\":\"2020-06-22T16:20:51+00:00\",\"author\":{\"@id\":\"https:\/\/oak2000.com\/#\/schema\/person\/4f481b3104486bfc65469e2fe80c54ac\"},\"description\":\"Consells per escollir el millor parquet per al teu habitatge. Repassem els principals factors a tenir en compte a l'hora de la seva elecci\u00f3: Esp\u00e8cie de fusta, formats, nus, tonalitats, acabats, tacte, bisell.\",\"breadcrumb\":{\"@id\":\"https:\/\/oak2000.com\/ca\/com-escollir-parquet-mes-adequat-per-la-meva-vivenda\/#breadcrumb\"},\"inLanguage\":\"ca\",\"potentialAction\":[{\"@type\":\"ReadAction\",\"target\":[\"https:\/\/oak2000.com\/ca\/com-escollir-parquet-mes-adequat-per-la-meva-vivenda\/\"]}]},{\"@type\":\"BreadcrumbList\",\"@id\":\"https:\/\/oak2000.com\/ca\/com-escollir-parquet-mes-adequat-per-la-meva-vivenda\/#breadcrumb\",\"itemListElement\":[{\"@type\":\"ListItem\",\"position\":1,\"name\":\"Portada\",\"item\":\"https:\/\/oak2000.com\/\"},{\"@type\":\"ListItem\",\"position\":2,\"name\":\"Com escollir el Parquet m\u00e9s adequat per a la meva vivenda?\"}]},{\"@type\":\"WebSite\",\"@id\":\"https:\/\/oak2000.com\/#website\",\"url\":\"https:\/\/oak2000.com\/\",\"name\":\"OAK 2000\",\"description\":\"\",\"potentialAction\":[{\"@type\":\"SearchAction\",\"target\":{\"@type\":\"EntryPoint\",\"urlTemplate\":\"https:\/\/oak2000.com\/?s={search_term_string}\"},\"query-input\":\"required name=search_term_string\"}],\"inLanguage\":\"ca\"},{\"@type\":\"Person\",\"@id\":\"https:\/\/oak2000.com\/#\/schema\/person\/4f481b3104486bfc65469e2fe80c54ac\",\"name\":\"oak2000\",\"image\":{\"@type\":\"ImageObject\",\"inLanguage\":\"ca\",\"@id\":\"https:\/\/oak2000.com\/#\/schema\/person\/image\/\",\"url\":\"https:\/\/oak2000.com\/wp-content\/uploads\/2025\/02\/cropped-favicon-100x100.png\",\"contentUrl\":\"https:\/\/oak2000.com\/wp-content\/uploads\/2025\/02\/cropped-favicon-100x100.png\",\"caption\":\"oak2000\"}}]}<\/script>\n<!-- \/ Yoast SEO plugin. -->","yoast_head_json":{"title":"Com escollir el Parquet m\u00e9s adequat per a la meva vivenda? - OAK 2000","description":"Consells per escollir el millor parquet per al teu habitatge. Repassem els principals factors a tenir en compte a l'hora de la seva elecci\u00f3: Esp\u00e8cie de fusta, formats, nus, tonalitats, acabats, tacte, bisell.","robots":{"index":"index","follow":"follow","max-snippet":"max-snippet:-1","max-image-preview":"max-image-preview:large","max-video-preview":"max-video-preview:-1"},"canonical":"https:\/\/oak2000.com\/ca\/com-escollir-parquet-mes-adequat-per-la-meva-vivenda\/","og_locale":"ca_ES","og_type":"article","og_title":"Com escollir el Parquet m\u00e9s adequat per a la meva vivenda? - OAK 2000","og_description":"Consells per escollir el millor parquet per al teu habitatge. Repassem els principals factors a tenir en compte a l'hora de la seva elecci\u00f3: Esp\u00e8cie de fusta, formats, nus, tonalitats, acabats, tacte, bisell.","og_url":"https:\/\/oak2000.com\/ca\/com-escollir-parquet-mes-adequat-per-la-meva-vivenda\/","og_site_name":"OAK 2000","article_published_time":"2018-04-16T11:56:45+00:00","article_modified_time":"2020-06-22T16:20:51+00:00","og_image":[{"width":564,"height":393,"url":"https:\/\/oak2000.com\/wp-content\/uploads\/2018\/04\/parquet-3.jpg","type":"image\/jpeg"}],"author":"oak2000","twitter_card":"summary_large_image","twitter_misc":{"Escrit per":"oak2000","Temps estimat de lectura":"4 minuts"},"schema":{"@context":"https:\/\/schema.org","@graph":[{"@type":"WebPage","@id":"https:\/\/oak2000.com\/ca\/com-escollir-parquet-mes-adequat-per-la-meva-vivenda\/","url":"https:\/\/oak2000.com\/ca\/com-escollir-parquet-mes-adequat-per-la-meva-vivenda\/","name":"Com escollir el Parquet m\u00e9s adequat per a la meva vivenda? - OAK 2000","isPartOf":{"@id":"https:\/\/oak2000.com\/#website"},"datePublished":"2018-04-16T11:56:45+00:00","dateModified":"2020-06-22T16:20:51+00:00","author":{"@id":"https:\/\/oak2000.com\/#\/schema\/person\/4f481b3104486bfc65469e2fe80c54ac"},"description":"Consells per escollir el millor parquet per al teu habitatge. Repassem els principals factors a tenir en compte a l'hora de la seva elecci\u00f3: Esp\u00e8cie de fusta, formats, nus, tonalitats, acabats, tacte, bisell.","breadcrumb":{"@id":"https:\/\/oak2000.com\/ca\/com-escollir-parquet-mes-adequat-per-la-meva-vivenda\/#breadcrumb"},"inLanguage":"ca","potentialAction":[{"@type":"ReadAction","target":["https:\/\/oak2000.com\/ca\/com-escollir-parquet-mes-adequat-per-la-meva-vivenda\/"]}]},{"@type":"BreadcrumbList","@id":"https:\/\/oak2000.com\/ca\/com-escollir-parquet-mes-adequat-per-la-meva-vivenda\/#breadcrumb","itemListElement":[{"@type":"ListItem","position":1,"name":"Portada","item":"https:\/\/oak2000.com\/"},{"@type":"ListItem","position":2,"name":"Com escollir el Parquet m\u00e9s adequat per a la meva vivenda?"}]},{"@type":"WebSite","@id":"https:\/\/oak2000.com\/#website","url":"https:\/\/oak2000.com\/","name":"OAK 2000","description":"","potentialAction":[{"@type":"SearchAction","target":{"@type":"EntryPoint","urlTemplate":"https:\/\/oak2000.com\/?s={search_term_string}"},"query-input":"required name=search_term_string"}],"inLanguage":"ca"},{"@type":"Person","@id":"https:\/\/oak2000.com\/#\/schema\/person\/4f481b3104486bfc65469e2fe80c54ac","name":"oak2000","image":{"@type":"ImageObject","inLanguage":"ca","@id":"https:\/\/oak2000.com\/#\/schema\/person\/image\/","url":"https:\/\/oak2000.com\/wp-content\/uploads\/2025\/02\/cropped-favicon-100x100.png","contentUrl":"https:\/\/oak2000.com\/wp-content\/uploads\/2025\/02\/cropped-favicon-100x100.png","caption":"oak2000"}}]}},"_links":{"self":[{"href":"https:\/\/oak2000.com\/ca\/wp-json\/wp\/v2\/posts\/6034"}],"collection":[{"href":"https:\/\/oak2000.com\/ca\/wp-json\/wp\/v2\/posts"}],"about":[{"href":"https:\/\/oak2000.com\/ca\/wp-json\/wp\/v2\/types\/post"}],"author":[{"embeddable":true,"href":"https:\/\/oak2000.com\/ca\/wp-json\/wp\/v2\/users\/1"}],"replies":[{"embeddable":true,"href":"https:\/\/oak2000.com\/ca\/wp-json\/wp\/v2\/comments?post=6034"}],"version-history":[{"count":1,"href":"https:\/\/oak2000.com\/ca\/wp-json\/wp\/v2\/posts\/6034\/revisions"}],"predecessor-version":[{"id":12442,"href":"https:\/\/oak2000.com\/ca\/wp-json\/wp\/v2\/posts\/6034\/revisions\/12442"}],"wp:featuredmedia":[{"embeddable":true,"href":"https:\/\/oak2000.com\/ca\/wp-json\/wp\/v2\/media\/6035"}],"wp:attachment":[{"href":"https:\/\/oak2000.com\/ca\/wp-json\/wp\/v2\/media?parent=6034"}],"wp:term":[{"taxonomy":"category","embeddable":true,"href":"https:\/\/oak2000.com\/ca\/wp-json\/wp\/v2\/categories?post=6034"},{"taxonomy":"post_tag","embeddable":true,"href":"https:\/\/oak2000.com\/ca\/wp-json\/wp\/v2\/tags?post=6034"}],"curies":[{"name":"wp","href":"https:\/\/api.w.org\/{rel}","templated":true}]}}