{"id":5962,"date":"2018-03-28T12:41:39","date_gmt":"2018-03-28T10:41:39","guid":{"rendered":"https:\/\/oak2000.com\/?p=5962"},"modified":"2020-06-22T18:20:58","modified_gmt":"2020-06-22T16:20:58","slug":"primavera-2018-els-colors-mes-trendy-per-linteriorisme-del-teu-habitatge","status":"publish","type":"post","link":"https:\/\/oak2000.com\/ca\/primavera-2018-els-colors-mes-trendy-per-linteriorisme-del-teu-habitatge\/","title":{"rendered":"Primavera 2018: Els colors m\u00e9s trendy per l&#8217;interiorisme del teu habitatge"},"content":{"rendered":"<p style=\"text-align: justify;\">Des d&#8217;OAK 2000, constructora de Barcelona, \u200b\u200bet donem algun consell d&#8217;\u00a0<strong>interiorisme<\/strong>. La setmana passada vam donar la benvinguda a la primavera i si esteu pensant en donar un nou aspecte al vostre habitatge sense massa complicacions, us presentem una selecci\u00f3 dels<strong> colors m\u00e9s &#8220;trendy&#8221; d&#8217;aquesta temporada per a la reforma de casa vostra.<\/strong><\/p>\n<p style=\"text-align: justify;\">S\u00f3n colors que ens recorden a les tonalitats dels anys 20; colors amb personalitat que aporten un ambient acollidor. Perfectes per aplicar en parets de sales d&#8217;estar, rebedors, menjadors, \u00bfI per qu\u00e8 no? Tamb\u00e9 en dormitoris. Combina&#8217;ls amb sostres pintats en blanc i aconseguir\u00e0s una perfecta harmonia en el teu interior que ajudar\u00e0 a donar llum a cada estada.<\/p>\n<p style=\"text-align: justify;\">Hem tingut l&#8217;oportunitat de veure com queden aplicats en <strong> Casa Decor Madrid 2018<\/strong>, que, combinats amb motllures, tant en parets com en sostres, potencia la seva personalitat. Qu\u00e8 us semblen? Amb quin color s&#8217;identifica m\u00e9s la teva personalitat? A nosaltres ens encanten!<\/p>\n<p style=\"text-align: justify;\"><strong>\u00a1Feli\u00e7 primavera!<\/strong><\/p>\n<p>&nbsp;<\/p>\n\n","protected":false},"excerpt":{"rendered":"<p>Des d&#8217;OAK 2000, constructora de Barcelona, \u200b\u200bet donem algun consell d&#8217;\u00a0interiorisme. La setmana passada vam donar la benvinguda a la primavera i si esteu pensant en donar un nou aspecte&#8230;<\/p>\n","protected":false},"author":1,"featured_media":5974,"comment_status":"closed","ping_status":"open","sticky":false,"template":"","format":"standard","meta":{"footnotes":""},"categories":[463],"tags":[512,513,500,502,514,488,483],"yoast_head":"<!-- This site is optimized with the Yoast SEO plugin v21.5 - https:\/\/yoast.com\/wordpress\/plugins\/seo\/ -->\n<title>Primavera 2018: Els colors m\u00e9s trendy per l&#039;interiorisme del teu habitatge<\/title>\n<meta name=\"description\" content=\"Descobreix quins s\u00f3n els colors PANTONE tend\u00e8ncia per a aquesta Primavera 2018 i com combinar-los en el teu habitatge gr\u00e0cies als nostres consells d&#039;interiorisme.\" \/>\n<meta name=\"robots\" content=\"index, follow, max-snippet:-1, max-image-preview:large, max-video-preview:-1\" \/>\n<link rel=\"canonical\" href=\"https:\/\/oak2000.com\/ca\/primavera-2018-els-colors-mes-trendy-per-linteriorisme-del-teu-habitatge\/\" \/>\n<meta property=\"og:locale\" content=\"ca_ES\" \/>\n<meta property=\"og:type\" content=\"article\" \/>\n<meta property=\"og:title\" content=\"Primavera 2018: Els colors m\u00e9s trendy per l&#039;interiorisme del teu habitatge\" \/>\n<meta property=\"og:description\" content=\"Descobreix quins s\u00f3n els colors PANTONE tend\u00e8ncia per a aquesta Primavera 2018 i com combinar-los en el teu habitatge gr\u00e0cies als nostres consells d&#039;interiorisme.\" \/>\n<meta property=\"og:url\" content=\"https:\/\/oak2000.com\/ca\/primavera-2018-els-colors-mes-trendy-per-linteriorisme-del-teu-habitatge\/\" \/>\n<meta property=\"og:site_name\" content=\"OAK 2000\" \/>\n<meta property=\"article:published_time\" content=\"2018-03-28T10:41:39+00:00\" \/>\n<meta property=\"article:modified_time\" content=\"2020-06-22T16:20:58+00:00\" \/>\n<meta property=\"og:image\" content=\"https:\/\/oak2000.com\/wp-content\/uploads\/2018\/03\/tendencia-interior-primavera-2018-1.jpg\" \/>\n\t<meta property=\"og:image:width\" content=\"741\" \/>\n\t<meta property=\"og:image:height\" content=\"602\" \/>\n\t<meta property=\"og:image:type\" content=\"image\/jpeg\" \/>\n<meta name=\"author\" content=\"oak2000\" \/>\n<meta name=\"twitter:card\" content=\"summary_large_image\" \/>\n<meta name=\"twitter:label1\" content=\"Escrit per\" \/>\n\t<meta name=\"twitter:data1\" content=\"oak2000\" \/>\n\t<meta name=\"twitter:label2\" content=\"Temps estimat de lectura\" \/>\n\t<meta name=\"twitter:data2\" content=\"1 minut\" \/>\n<script type=\"application\/ld+json\" class=\"yoast-schema-graph\">{\"@context\":\"https:\/\/schema.org\",\"@graph\":[{\"@type\":\"WebPage\",\"@id\":\"https:\/\/oak2000.com\/ca\/primavera-2018-els-colors-mes-trendy-per-linteriorisme-del-teu-habitatge\/\",\"url\":\"https:\/\/oak2000.com\/ca\/primavera-2018-els-colors-mes-trendy-per-linteriorisme-del-teu-habitatge\/\",\"name\":\"Primavera 2018: Els colors m\u00e9s trendy per l'interiorisme del teu habitatge\",\"isPartOf\":{\"@id\":\"https:\/\/oak2000.com\/#website\"},\"datePublished\":\"2018-03-28T10:41:39+00:00\",\"dateModified\":\"2020-06-22T16:20:58+00:00\",\"author\":{\"@id\":\"https:\/\/oak2000.com\/#\/schema\/person\/4f481b3104486bfc65469e2fe80c54ac\"},\"description\":\"Descobreix quins s\u00f3n els colors PANTONE tend\u00e8ncia per a aquesta Primavera 2018 i com combinar-los en el teu habitatge gr\u00e0cies als nostres consells d'interiorisme.\",\"breadcrumb\":{\"@id\":\"https:\/\/oak2000.com\/ca\/primavera-2018-els-colors-mes-trendy-per-linteriorisme-del-teu-habitatge\/#breadcrumb\"},\"inLanguage\":\"ca\",\"potentialAction\":[{\"@type\":\"ReadAction\",\"target\":[\"https:\/\/oak2000.com\/ca\/primavera-2018-els-colors-mes-trendy-per-linteriorisme-del-teu-habitatge\/\"]}]},{\"@type\":\"BreadcrumbList\",\"@id\":\"https:\/\/oak2000.com\/ca\/primavera-2018-els-colors-mes-trendy-per-linteriorisme-del-teu-habitatge\/#breadcrumb\",\"itemListElement\":[{\"@type\":\"ListItem\",\"position\":1,\"name\":\"Portada\",\"item\":\"https:\/\/oak2000.com\/\"},{\"@type\":\"ListItem\",\"position\":2,\"name\":\"Primavera 2018: Els colors m\u00e9s trendy per l&#8217;interiorisme del teu habitatge\"}]},{\"@type\":\"WebSite\",\"@id\":\"https:\/\/oak2000.com\/#website\",\"url\":\"https:\/\/oak2000.com\/\",\"name\":\"OAK 2000\",\"description\":\"\",\"potentialAction\":[{\"@type\":\"SearchAction\",\"target\":{\"@type\":\"EntryPoint\",\"urlTemplate\":\"https:\/\/oak2000.com\/?s={search_term_string}\"},\"query-input\":\"required name=search_term_string\"}],\"inLanguage\":\"ca\"},{\"@type\":\"Person\",\"@id\":\"https:\/\/oak2000.com\/#\/schema\/person\/4f481b3104486bfc65469e2fe80c54ac\",\"name\":\"oak2000\",\"image\":{\"@type\":\"ImageObject\",\"inLanguage\":\"ca\",\"@id\":\"https:\/\/oak2000.com\/#\/schema\/person\/image\/\",\"url\":\"https:\/\/oak2000.com\/wp-content\/uploads\/2025\/02\/cropped-favicon-100x100.png\",\"contentUrl\":\"https:\/\/oak2000.com\/wp-content\/uploads\/2025\/02\/cropped-favicon-100x100.png\",\"caption\":\"oak2000\"}}]}<\/script>\n<!-- \/ Yoast SEO plugin. -->","yoast_head_json":{"title":"Primavera 2018: Els colors m\u00e9s trendy per l'interiorisme del teu habitatge","description":"Descobreix quins s\u00f3n els colors PANTONE tend\u00e8ncia per a aquesta Primavera 2018 i com combinar-los en el teu habitatge gr\u00e0cies als nostres consells d'interiorisme.","robots":{"index":"index","follow":"follow","max-snippet":"max-snippet:-1","max-image-preview":"max-image-preview:large","max-video-preview":"max-video-preview:-1"},"canonical":"https:\/\/oak2000.com\/ca\/primavera-2018-els-colors-mes-trendy-per-linteriorisme-del-teu-habitatge\/","og_locale":"ca_ES","og_type":"article","og_title":"Primavera 2018: Els colors m\u00e9s trendy per l'interiorisme del teu habitatge","og_description":"Descobreix quins s\u00f3n els colors PANTONE tend\u00e8ncia per a aquesta Primavera 2018 i com combinar-los en el teu habitatge gr\u00e0cies als nostres consells d'interiorisme.","og_url":"https:\/\/oak2000.com\/ca\/primavera-2018-els-colors-mes-trendy-per-linteriorisme-del-teu-habitatge\/","og_site_name":"OAK 2000","article_published_time":"2018-03-28T10:41:39+00:00","article_modified_time":"2020-06-22T16:20:58+00:00","og_image":[{"width":741,"height":602,"url":"https:\/\/oak2000.com\/wp-content\/uploads\/2018\/03\/tendencia-interior-primavera-2018-1.jpg","type":"image\/jpeg"}],"author":"oak2000","twitter_card":"summary_large_image","twitter_misc":{"Escrit per":"oak2000","Temps estimat de lectura":"1 minut"},"schema":{"@context":"https:\/\/schema.org","@graph":[{"@type":"WebPage","@id":"https:\/\/oak2000.com\/ca\/primavera-2018-els-colors-mes-trendy-per-linteriorisme-del-teu-habitatge\/","url":"https:\/\/oak2000.com\/ca\/primavera-2018-els-colors-mes-trendy-per-linteriorisme-del-teu-habitatge\/","name":"Primavera 2018: Els colors m\u00e9s trendy per l'interiorisme del teu habitatge","isPartOf":{"@id":"https:\/\/oak2000.com\/#website"},"datePublished":"2018-03-28T10:41:39+00:00","dateModified":"2020-06-22T16:20:58+00:00","author":{"@id":"https:\/\/oak2000.com\/#\/schema\/person\/4f481b3104486bfc65469e2fe80c54ac"},"description":"Descobreix quins s\u00f3n els colors PANTONE tend\u00e8ncia per a aquesta Primavera 2018 i com combinar-los en el teu habitatge gr\u00e0cies als nostres consells d'interiorisme.","breadcrumb":{"@id":"https:\/\/oak2000.com\/ca\/primavera-2018-els-colors-mes-trendy-per-linteriorisme-del-teu-habitatge\/#breadcrumb"},"inLanguage":"ca","potentialAction":[{"@type":"ReadAction","target":["https:\/\/oak2000.com\/ca\/primavera-2018-els-colors-mes-trendy-per-linteriorisme-del-teu-habitatge\/"]}]},{"@type":"BreadcrumbList","@id":"https:\/\/oak2000.com\/ca\/primavera-2018-els-colors-mes-trendy-per-linteriorisme-del-teu-habitatge\/#breadcrumb","itemListElement":[{"@type":"ListItem","position":1,"name":"Portada","item":"https:\/\/oak2000.com\/"},{"@type":"ListItem","position":2,"name":"Primavera 2018: Els colors m\u00e9s trendy per l&#8217;interiorisme del teu habitatge"}]},{"@type":"WebSite","@id":"https:\/\/oak2000.com\/#website","url":"https:\/\/oak2000.com\/","name":"OAK 2000","description":"","potentialAction":[{"@type":"SearchAction","target":{"@type":"EntryPoint","urlTemplate":"https:\/\/oak2000.com\/?s={search_term_string}"},"query-input":"required name=search_term_string"}],"inLanguage":"ca"},{"@type":"Person","@id":"https:\/\/oak2000.com\/#\/schema\/person\/4f481b3104486bfc65469e2fe80c54ac","name":"oak2000","image":{"@type":"ImageObject","inLanguage":"ca","@id":"https:\/\/oak2000.com\/#\/schema\/person\/image\/","url":"https:\/\/oak2000.com\/wp-content\/uploads\/2025\/02\/cropped-favicon-100x100.png","contentUrl":"https:\/\/oak2000.com\/wp-content\/uploads\/2025\/02\/cropped-favicon-100x100.png","caption":"oak2000"}}]}},"_links":{"self":[{"href":"https:\/\/oak2000.com\/ca\/wp-json\/wp\/v2\/posts\/5962"}],"collection":[{"href":"https:\/\/oak2000.com\/ca\/wp-json\/wp\/v2\/posts"}],"about":[{"href":"https:\/\/oak2000.com\/ca\/wp-json\/wp\/v2\/types\/post"}],"author":[{"embeddable":true,"href":"https:\/\/oak2000.com\/ca\/wp-json\/wp\/v2\/users\/1"}],"replies":[{"embeddable":true,"href":"https:\/\/oak2000.com\/ca\/wp-json\/wp\/v2\/comments?post=5962"}],"version-history":[{"count":1,"href":"https:\/\/oak2000.com\/ca\/wp-json\/wp\/v2\/posts\/5962\/revisions"}],"predecessor-version":[{"id":12443,"href":"https:\/\/oak2000.com\/ca\/wp-json\/wp\/v2\/posts\/5962\/revisions\/12443"}],"wp:featuredmedia":[{"embeddable":true,"href":"https:\/\/oak2000.com\/ca\/wp-json\/wp\/v2\/media\/5974"}],"wp:attachment":[{"href":"https:\/\/oak2000.com\/ca\/wp-json\/wp\/v2\/media?parent=5962"}],"wp:term":[{"taxonomy":"category","embeddable":true,"href":"https:\/\/oak2000.com\/ca\/wp-json\/wp\/v2\/categories?post=5962"},{"taxonomy":"post_tag","embeddable":true,"href":"https:\/\/oak2000.com\/ca\/wp-json\/wp\/v2\/tags?post=5962"}],"curies":[{"name":"wp","href":"https:\/\/api.w.org\/{rel}","templated":true}]}}