{"id":4589,"date":"2017-07-07T13:08:55","date_gmt":"2017-07-07T11:08:55","guid":{"rendered":"https:\/\/oak2000.com\/?p=4589"},"modified":"2020-06-22T18:22:00","modified_gmt":"2020-06-22T16:22:00","slug":"cuina-estancaprelidecta","status":"publish","type":"post","link":"https:\/\/oak2000.com\/ca\/cuina-estancaprelidecta\/","title":{"rendered":"La cuina: L&#8217;estan\u00e7a predilecta"},"content":{"rendered":"<p>A dia d&#8217;avui, l&#8217;estada a la cuina s&#8217;ha convertit en una de les m\u00e9s importants dels nostres habitatges, on es produeix gran activitat di\u00e0ria i en molts casos s&#8217;ha convertit en el nucli i punt de reuni\u00f3 de tots els membres de la fam\u00edlia.<\/p>\n<p>El concepte <strong>\u201cOpen Concept\u201d<\/strong> cada dia agafa m\u00e9s for\u00e7a amb la <strong>reforma interior<\/strong>\u00a0i plantejem els <strong>projectes d&#8217;interiorisme<\/strong> de tal manera que aix\u00ed siguin. <strong>Cuines obertes al sal\u00f3<\/strong>, \u00e9s una bona idea perqu\u00e8 existeixi una interlocuci\u00f3 entre espais i les activitats que es duen a terme en aquests. A m\u00e9s de reduir zones de pas i guanyar amb les sensaci\u00f3 d&#8217;amplitud, lluminositat, flu\u00efdesa de circulaci\u00f3.\u00a0<em>Per qu\u00e8 no cuinar i poder participar de les converses de la resta de comensals convidats? Per qu\u00e8 no ajudar a realitzar els deures dels nens de la casa mentre es prepara el sopar? Per qu\u00e8 no plantejar desdejunis m\u00e9s r\u00e0pids o sopars m\u00e9s lleugers i informals en una illa de treball? <\/em><\/p>\n<p>Confiem en la idea d&#8217;adaptar l&#8217;espai a la nostra forma i ritme de vida, no nosaltres a l&#8217;espai, aix\u00ed que des de <strong>OAK2000, construccions i rehabilitacions<\/strong>, volem ajudar-te en la reforma de la teva cuina i de la teva llar perqu\u00e8 tenir un dia a dia m\u00e9s confortable..<\/p>\n<p>Si vols <strong>reformar la teva cuina<\/strong>, ja sigui perqu\u00e8 no \u00e9s funcional, et falta magatzematge, t\u00e9 poca llum o s&#8217;ha quedat una mica antiga, nosaltres t&#8217;aconsellarem la millor distribuci\u00f3, il\u00b7luminaci\u00f3 i acabats que podem donar-li per aconseguir la cuina dels teus somnis.<\/p>\n<p>Amb un estudi de l&#8217;espai i de les vostres necessitats, us prepararem una distribuci\u00f3 sobre la qual junts podrem anar treballant per arribar al resultat final desitjat.<\/p>\n<p>El nostre principal distribu\u00efdor de mobiliari de cuina \u00e9s <strong>DICA<\/strong>, una empresa nacional que t\u00e9 uns m\u00e8todes de treball que no causen gran impacte mediambiental, aix\u00ed com embalatges reciclables o les seves armadures de mobles amb panells ecol\u00f2gics, treballant sempre amb materials de primera qualitat..<\/p>\n<p><strong>DICA<\/strong> ens ofereix gran varietat per a la nostra cuina, ja sigui en modulaje, com en acabats.<\/p>\n<p>S\u00e8rie 45\u00ba &#8211; una cuina minimalista i funcional, posades amb cant a 45\u00ba per a la seva f\u00e0cil obertura des de qualsevol punt.<\/p>\n\n<p>S\u00e8rie 90 &#8211; minimalisme en estat pur. La s\u00e8rie 90 manca de tiradors, amb un obertura per expulsi\u00f3 electr\u00f2nica o mec\u00e0nica ens ofereix una est\u00e8tica neta i sofisticada que podem combinar al seu torn amb tirador en certs mobles.<\/p>\n\n<p>SOHO &#8211; inspirada en l&#8217;estil de vida urb\u00e0, SOHO \u00e9s una cuina cl\u00e0ssica que conviu amb el present. Una porta emmarcada amb tirador ocult que podem combinar amb portes llises com les de la s\u00e8rie 45\u00ba.<\/p>\n\n<p>ARKADIA &#8211; amb Aire Mediterrani o Aire Industrial. Arkadia \u00e9s una porta emmarcada amb unes subtils ranures que pot recordar-nos a les cuines d&#8217;antany. Podem combinar-la amb elements decoratius que ens facin recordar la cuina d&#8217;antany sense deixar de ser una cuina actual, o amb elements decoratius en metall i cristall armador per donar-li aquest aire m\u00e9s industrial.<\/p>\n\n<p>A m\u00e9s de la varietat de portes que ens ofereix DICA, tamb\u00e9 podem escollir entre una gran varietat d&#8217;acabats, ja siguin els laminatge amb cant laser de DICA, lacas mats o brillants o fusta natural.<\/p>\n<p>Amb quin de totes elles et quedes?<\/p>\n","protected":false},"excerpt":{"rendered":"<p>A dia d&#8217;avui, l&#8217;estada a la cuina s&#8217;ha convertit en una de les m\u00e9s importants dels nostres habitatges, on es produeix gran activitat di\u00e0ria i en molts casos s&#8217;ha convertit&#8230;<\/p>\n","protected":false},"author":1,"featured_media":4598,"comment_status":"open","ping_status":"open","sticky":false,"template":"","format":"standard","meta":{"footnotes":""},"categories":[463],"tags":[502,493,508,482,466],"yoast_head":"<!-- This site is optimized with the Yoast SEO plugin v21.5 - https:\/\/yoast.com\/wordpress\/plugins\/seo\/ -->\n<title>La cuina: L&#039;estan\u00e7a predilecta - OAK 2000<\/title>\n<meta name=\"description\" content=\"La cuina s&#039;ha convertit en una de les estances m\u00e9s importants de les nostres vivendes, nucli i punt de reuni\u00f3 de tota la familia.\" \/>\n<meta name=\"robots\" content=\"index, follow, max-snippet:-1, max-image-preview:large, max-video-preview:-1\" \/>\n<link rel=\"canonical\" href=\"https:\/\/oak2000.com\/ca\/cuina-estancaprelidecta\/\" \/>\n<meta property=\"og:locale\" content=\"ca_ES\" \/>\n<meta property=\"og:type\" content=\"article\" \/>\n<meta property=\"og:title\" content=\"La cuina: L&#039;estan\u00e7a predilecta - OAK 2000\" \/>\n<meta property=\"og:description\" content=\"La cuina s&#039;ha convertit en una de les estances m\u00e9s importants de les nostres vivendes, nucli i punt de reuni\u00f3 de tota la familia.\" \/>\n<meta property=\"og:url\" content=\"https:\/\/oak2000.com\/ca\/cuina-estancaprelidecta\/\" \/>\n<meta property=\"og:site_name\" content=\"OAK 2000\" \/>\n<meta property=\"article:published_time\" content=\"2017-07-07T11:08:55+00:00\" \/>\n<meta property=\"article:modified_time\" content=\"2020-06-22T16:22:00+00:00\" \/>\n<meta property=\"og:image\" content=\"https:\/\/oak2000.com\/wp-content\/uploads\/2017\/07\/cuina_interiorisme.jpg\" \/>\n\t<meta property=\"og:image:width\" content=\"1300\" \/>\n\t<meta property=\"og:image:height\" content=\"720\" \/>\n\t<meta property=\"og:image:type\" content=\"image\/jpeg\" \/>\n<meta name=\"author\" content=\"oak2000\" \/>\n<meta name=\"twitter:card\" content=\"summary_large_image\" \/>\n<meta name=\"twitter:label1\" content=\"Escrit per\" \/>\n\t<meta name=\"twitter:data1\" content=\"oak2000\" \/>\n\t<meta name=\"twitter:label2\" content=\"Temps estimat de lectura\" \/>\n\t<meta name=\"twitter:data2\" content=\"3 minuts\" \/>\n<script type=\"application\/ld+json\" class=\"yoast-schema-graph\">{\"@context\":\"https:\/\/schema.org\",\"@graph\":[{\"@type\":\"WebPage\",\"@id\":\"https:\/\/oak2000.com\/ca\/cuina-estancaprelidecta\/\",\"url\":\"https:\/\/oak2000.com\/ca\/cuina-estancaprelidecta\/\",\"name\":\"La cuina: L'estan\u00e7a predilecta - OAK 2000\",\"isPartOf\":{\"@id\":\"https:\/\/oak2000.com\/#website\"},\"datePublished\":\"2017-07-07T11:08:55+00:00\",\"dateModified\":\"2020-06-22T16:22:00+00:00\",\"author\":{\"@id\":\"https:\/\/oak2000.com\/#\/schema\/person\/4f481b3104486bfc65469e2fe80c54ac\"},\"description\":\"La cuina s'ha convertit en una de les estances m\u00e9s importants de les nostres vivendes, nucli i punt de reuni\u00f3 de tota la familia.\",\"breadcrumb\":{\"@id\":\"https:\/\/oak2000.com\/ca\/cuina-estancaprelidecta\/#breadcrumb\"},\"inLanguage\":\"ca\",\"potentialAction\":[{\"@type\":\"ReadAction\",\"target\":[\"https:\/\/oak2000.com\/ca\/cuina-estancaprelidecta\/\"]}]},{\"@type\":\"BreadcrumbList\",\"@id\":\"https:\/\/oak2000.com\/ca\/cuina-estancaprelidecta\/#breadcrumb\",\"itemListElement\":[{\"@type\":\"ListItem\",\"position\":1,\"name\":\"Portada\",\"item\":\"https:\/\/oak2000.com\/ca\/\"},{\"@type\":\"ListItem\",\"position\":2,\"name\":\"La cuina: L&#8217;estan\u00e7a predilecta\"}]},{\"@type\":\"WebSite\",\"@id\":\"https:\/\/oak2000.com\/#website\",\"url\":\"https:\/\/oak2000.com\/\",\"name\":\"OAK 2000\",\"description\":\"\",\"potentialAction\":[{\"@type\":\"SearchAction\",\"target\":{\"@type\":\"EntryPoint\",\"urlTemplate\":\"https:\/\/oak2000.com\/?s={search_term_string}\"},\"query-input\":\"required name=search_term_string\"}],\"inLanguage\":\"ca\"},{\"@type\":\"Person\",\"@id\":\"https:\/\/oak2000.com\/#\/schema\/person\/4f481b3104486bfc65469e2fe80c54ac\",\"name\":\"oak2000\",\"image\":{\"@type\":\"ImageObject\",\"inLanguage\":\"ca\",\"@id\":\"https:\/\/oak2000.com\/#\/schema\/person\/image\/\",\"url\":\"https:\/\/oak2000.com\/wp-content\/uploads\/2025\/02\/cropped-favicon-100x100.png\",\"contentUrl\":\"https:\/\/oak2000.com\/wp-content\/uploads\/2025\/02\/cropped-favicon-100x100.png\",\"caption\":\"oak2000\"}}]}<\/script>\n<!-- \/ Yoast SEO plugin. -->","yoast_head_json":{"title":"La cuina: L'estan\u00e7a predilecta - OAK 2000","description":"La cuina s'ha convertit en una de les estances m\u00e9s importants de les nostres vivendes, nucli i punt de reuni\u00f3 de tota la familia.","robots":{"index":"index","follow":"follow","max-snippet":"max-snippet:-1","max-image-preview":"max-image-preview:large","max-video-preview":"max-video-preview:-1"},"canonical":"https:\/\/oak2000.com\/ca\/cuina-estancaprelidecta\/","og_locale":"ca_ES","og_type":"article","og_title":"La cuina: L'estan\u00e7a predilecta - OAK 2000","og_description":"La cuina s'ha convertit en una de les estances m\u00e9s importants de les nostres vivendes, nucli i punt de reuni\u00f3 de tota la familia.","og_url":"https:\/\/oak2000.com\/ca\/cuina-estancaprelidecta\/","og_site_name":"OAK 2000","article_published_time":"2017-07-07T11:08:55+00:00","article_modified_time":"2020-06-22T16:22:00+00:00","og_image":[{"width":1300,"height":720,"url":"https:\/\/oak2000.com\/wp-content\/uploads\/2017\/07\/cuina_interiorisme.jpg","type":"image\/jpeg"}],"author":"oak2000","twitter_card":"summary_large_image","twitter_misc":{"Escrit per":"oak2000","Temps estimat de lectura":"3 minuts"},"schema":{"@context":"https:\/\/schema.org","@graph":[{"@type":"WebPage","@id":"https:\/\/oak2000.com\/ca\/cuina-estancaprelidecta\/","url":"https:\/\/oak2000.com\/ca\/cuina-estancaprelidecta\/","name":"La cuina: L'estan\u00e7a predilecta - OAK 2000","isPartOf":{"@id":"https:\/\/oak2000.com\/#website"},"datePublished":"2017-07-07T11:08:55+00:00","dateModified":"2020-06-22T16:22:00+00:00","author":{"@id":"https:\/\/oak2000.com\/#\/schema\/person\/4f481b3104486bfc65469e2fe80c54ac"},"description":"La cuina s'ha convertit en una de les estances m\u00e9s importants de les nostres vivendes, nucli i punt de reuni\u00f3 de tota la familia.","breadcrumb":{"@id":"https:\/\/oak2000.com\/ca\/cuina-estancaprelidecta\/#breadcrumb"},"inLanguage":"ca","potentialAction":[{"@type":"ReadAction","target":["https:\/\/oak2000.com\/ca\/cuina-estancaprelidecta\/"]}]},{"@type":"BreadcrumbList","@id":"https:\/\/oak2000.com\/ca\/cuina-estancaprelidecta\/#breadcrumb","itemListElement":[{"@type":"ListItem","position":1,"name":"Portada","item":"https:\/\/oak2000.com\/ca\/"},{"@type":"ListItem","position":2,"name":"La cuina: L&#8217;estan\u00e7a predilecta"}]},{"@type":"WebSite","@id":"https:\/\/oak2000.com\/#website","url":"https:\/\/oak2000.com\/","name":"OAK 2000","description":"","potentialAction":[{"@type":"SearchAction","target":{"@type":"EntryPoint","urlTemplate":"https:\/\/oak2000.com\/?s={search_term_string}"},"query-input":"required name=search_term_string"}],"inLanguage":"ca"},{"@type":"Person","@id":"https:\/\/oak2000.com\/#\/schema\/person\/4f481b3104486bfc65469e2fe80c54ac","name":"oak2000","image":{"@type":"ImageObject","inLanguage":"ca","@id":"https:\/\/oak2000.com\/#\/schema\/person\/image\/","url":"https:\/\/oak2000.com\/wp-content\/uploads\/2025\/02\/cropped-favicon-100x100.png","contentUrl":"https:\/\/oak2000.com\/wp-content\/uploads\/2025\/02\/cropped-favicon-100x100.png","caption":"oak2000"}}]}},"_links":{"self":[{"href":"https:\/\/oak2000.com\/ca\/wp-json\/wp\/v2\/posts\/4589"}],"collection":[{"href":"https:\/\/oak2000.com\/ca\/wp-json\/wp\/v2\/posts"}],"about":[{"href":"https:\/\/oak2000.com\/ca\/wp-json\/wp\/v2\/types\/post"}],"author":[{"embeddable":true,"href":"https:\/\/oak2000.com\/ca\/wp-json\/wp\/v2\/users\/1"}],"replies":[{"embeddable":true,"href":"https:\/\/oak2000.com\/ca\/wp-json\/wp\/v2\/comments?post=4589"}],"version-history":[{"count":1,"href":"https:\/\/oak2000.com\/ca\/wp-json\/wp\/v2\/posts\/4589\/revisions"}],"predecessor-version":[{"id":12451,"href":"https:\/\/oak2000.com\/ca\/wp-json\/wp\/v2\/posts\/4589\/revisions\/12451"}],"wp:featuredmedia":[{"embeddable":true,"href":"https:\/\/oak2000.com\/ca\/wp-json\/wp\/v2\/media\/4598"}],"wp:attachment":[{"href":"https:\/\/oak2000.com\/ca\/wp-json\/wp\/v2\/media?parent=4589"}],"wp:term":[{"taxonomy":"category","embeddable":true,"href":"https:\/\/oak2000.com\/ca\/wp-json\/wp\/v2\/categories?post=4589"},{"taxonomy":"post_tag","embeddable":true,"href":"https:\/\/oak2000.com\/ca\/wp-json\/wp\/v2\/tags?post=4589"}],"curies":[{"name":"wp","href":"https:\/\/api.w.org\/{rel}","templated":true}]}}