{"id":4450,"date":"2017-04-24T12:51:38","date_gmt":"2017-04-24T10:51:38","guid":{"rendered":"https:\/\/oak2000.com\/?p=4450"},"modified":"2020-06-22T18:22:23","modified_gmt":"2020-06-22T16:22:23","slug":"fira-del-moble-mila-2017","status":"publish","type":"post","link":"https:\/\/oak2000.com\/ca\/fira-del-moble-mila-2017\/","title":{"rendered":"Novetats Fira del moble de Mil\u00e0 2017"},"content":{"rendered":"<p>Des d&#8217; <strong>OAK2000, construccions i rehabilitacions<\/strong>, constru\u00efm el teu habitatge des de l&#8217;inici fins al final. Participem en el projecte de <strong>reforma integral<\/strong> no solament en la fase d&#8217;obra, sin\u00f3 que tamb\u00e9 us acompanyem en totes aquelles tasques posteriors i m\u00e9s decoratives com la instal\u00b7laci\u00f3 de<strong> mobiliari de la llar, la il\u00b7luminaci\u00f3 i el t\u00e8xtil<\/strong>. No se&#8217;ns ocorre una millor manera que un <strong>projecte d&#8217;interiorisme<\/strong> llueixi el seu m\u00e0xim esplendor i coher\u00e8ncia que poder oferir als nostres clients fins al m\u00ednim detall.<\/p>\n<p>Des del nostre showroom a Barcelona, intentem assessorar-vos en materials d&#8217;obra perqu\u00e8 l&#8217;est\u00e8tica general d&#8217;un habitatge que reflecteixi la personalitat o l&#8217;imatge que requereix cada client i seguim el mateix criteri amb el mobiliari, amb la nostra filosofia de buscar l&#8217;equilibri entre l&#8217;est\u00e8tica, la funci\u00f3 i el preu.<\/p>\n<p>Com podreu veure al nostre canal de youtube, la setmana passada v\u00e0rem estar presents a la fira internacional del moble a Mil\u00e0, un gran esdeveniment per als amants del <strong>mobiliari, la il\u00b7luminaci\u00f3 i la decoraci\u00f3<\/strong>, on ens v\u00e0rem impregnar de les noves tend\u00e8ncies per aquest 2017-2018. Destaquem la introducci\u00f3 dels colors \u201cbruts\u201d en els mobles. Que significa quan parlem d&#8217;un color \u201cbrut\u201d? \u00c9s aquell que t\u00e9 una saturaci\u00f3 que no el deixa ser un color pur. Un color pur \u00e9s intens, en canvi un color \u201cbrut\u201d \u00e9s m\u00e9s apagat o insaturat, per\u00f2 que d\u00f3na la sensaci\u00f3 <a href=\"http:\/\/www.pintomicasa.com\/2011\/02\/de-que-color-pinto-para-que-mi-casa-se.html\">d&#8217;eleg\u00e0ncia<\/a>, sobrietat i delicadesa. Segueixen estant presents els colors Pantone 2016, el Rose Quartz \u00ac el blau Serenity i veiem com s&#8217;introdueix t\u00edmidament en estampats salvatges el Pantone 2017, verd Greenery.<\/p>\n<p>La fira de Mil\u00e0 ens sorpr\u00e8n tamb\u00e9 amb picades d&#8217;ullet als anys 60, els colors, la geometria, l&#8217;aplicaci\u00f3 dels t\u00e8xtils\u2026 I \u00e9s que tot torna!<\/p>\n<p>V\u00e0rem estar tamb\u00e9 visitant les novetats que han tret gran part dels fabricants que podeu trobar a OAK2000 per completar la vostra <strong>reforma integral a Barcelona<\/strong>, tals com <strong>Ondarreta, Unopiu, OliverB, Casamania, Mobles 114, LaForma, Punt Mobles, Mobenia, Bonaldo, Casades\u00fas, Cattelan It\u00e0lia, Molteni&amp;C, Arper, Discalsa\u2026<\/strong> entre molt altres! I no ens oblidem de <strong>Santa&amp;Col\u00b7le<\/strong> un cl\u00e0ssic! Esperem que gaudiu de les imatges que us mostrem a continuaci\u00f3.<\/p>\n<p>I la setmana que ve, us expliquem al blog com il\u00b7luminar els nostres habitatges de la forma mes divertida!!<\/p>\n<p>&nbsp;<\/p>\n\n","protected":false},"excerpt":{"rendered":"<p>Des d&#8217; OAK2000, construccions i rehabilitacions, constru\u00efm el teu habitatge des de l&#8217;inici fins al final. Participem en el projecte de reforma integral no solament en la fase d&#8217;obra, sin\u00f3&#8230;<\/p>\n","protected":false},"author":1,"featured_media":10207,"comment_status":"open","ping_status":"open","sticky":false,"template":"","format":"standard","meta":{"footnotes":""},"categories":[641],"tags":[484,500,487,502,505,644,645,486,618],"yoast_head":"<!-- This site is optimized with the Yoast SEO plugin v21.5 - https:\/\/yoast.com\/wordpress\/plugins\/seo\/ -->\n<title>Novetats Fira del moble de Mil\u00e0 2017 - OAK 2000<\/title>\n<meta name=\"description\" content=\"Empresa de reformes integrals Barcelona. Assesorament. Equilibri entre est\u00e8tica, funcionalitat i preu. Fabricants per a completar la reforma.\" \/>\n<meta name=\"robots\" content=\"index, follow, max-snippet:-1, max-image-preview:large, max-video-preview:-1\" \/>\n<link rel=\"canonical\" href=\"https:\/\/oak2000.com\/ca\/fira-del-moble-mila-2017\/\" \/>\n<meta property=\"og:locale\" content=\"ca_ES\" \/>\n<meta property=\"og:type\" content=\"article\" \/>\n<meta property=\"og:title\" content=\"Novetats Fira del moble de Mil\u00e0 2017 - OAK 2000\" \/>\n<meta property=\"og:description\" content=\"Empresa de reformes integrals Barcelona. Assesorament. Equilibri entre est\u00e8tica, funcionalitat i preu. Fabricants per a completar la reforma.\" \/>\n<meta property=\"og:url\" content=\"https:\/\/oak2000.com\/ca\/fira-del-moble-mila-2017\/\" \/>\n<meta property=\"og:site_name\" content=\"OAK 2000\" \/>\n<meta property=\"article:published_time\" content=\"2017-04-24T10:51:38+00:00\" \/>\n<meta property=\"article:modified_time\" content=\"2020-06-22T16:22:23+00:00\" \/>\n<meta property=\"og:image\" content=\"https:\/\/oak2000.com\/wp-content\/uploads\/2017\/04\/iluminaci\u00f3n-mobiliario-sal\u00f3n-1080x675-2.jpg\" \/>\n\t<meta property=\"og:image:width\" content=\"1080\" \/>\n\t<meta property=\"og:image:height\" content=\"675\" \/>\n\t<meta property=\"og:image:type\" content=\"image\/jpeg\" \/>\n<meta name=\"author\" content=\"oak2000\" \/>\n<meta name=\"twitter:card\" content=\"summary_large_image\" \/>\n<meta name=\"twitter:label1\" content=\"Escrit per\" \/>\n\t<meta name=\"twitter:data1\" content=\"oak2000\" \/>\n\t<meta name=\"twitter:label2\" content=\"Temps estimat de lectura\" \/>\n\t<meta name=\"twitter:data2\" content=\"2 minuts\" \/>\n<script type=\"application\/ld+json\" class=\"yoast-schema-graph\">{\"@context\":\"https:\/\/schema.org\",\"@graph\":[{\"@type\":\"WebPage\",\"@id\":\"https:\/\/oak2000.com\/ca\/fira-del-moble-mila-2017\/\",\"url\":\"https:\/\/oak2000.com\/ca\/fira-del-moble-mila-2017\/\",\"name\":\"Novetats Fira del moble de Mil\u00e0 2017 - OAK 2000\",\"isPartOf\":{\"@id\":\"https:\/\/oak2000.com\/#website\"},\"datePublished\":\"2017-04-24T10:51:38+00:00\",\"dateModified\":\"2020-06-22T16:22:23+00:00\",\"author\":{\"@id\":\"https:\/\/oak2000.com\/#\/schema\/person\/4f481b3104486bfc65469e2fe80c54ac\"},\"description\":\"Empresa de reformes integrals Barcelona. Assesorament. Equilibri entre est\u00e8tica, funcionalitat i preu. Fabricants per a completar la reforma.\",\"breadcrumb\":{\"@id\":\"https:\/\/oak2000.com\/ca\/fira-del-moble-mila-2017\/#breadcrumb\"},\"inLanguage\":\"ca\",\"potentialAction\":[{\"@type\":\"ReadAction\",\"target\":[\"https:\/\/oak2000.com\/ca\/fira-del-moble-mila-2017\/\"]}]},{\"@type\":\"BreadcrumbList\",\"@id\":\"https:\/\/oak2000.com\/ca\/fira-del-moble-mila-2017\/#breadcrumb\",\"itemListElement\":[{\"@type\":\"ListItem\",\"position\":1,\"name\":\"Portada\",\"item\":\"https:\/\/oak2000.com\/\"},{\"@type\":\"ListItem\",\"position\":2,\"name\":\"Novetats Fira del moble de Mil\u00e0 2017\"}]},{\"@type\":\"WebSite\",\"@id\":\"https:\/\/oak2000.com\/#website\",\"url\":\"https:\/\/oak2000.com\/\",\"name\":\"OAK 2000\",\"description\":\"\",\"potentialAction\":[{\"@type\":\"SearchAction\",\"target\":{\"@type\":\"EntryPoint\",\"urlTemplate\":\"https:\/\/oak2000.com\/?s={search_term_string}\"},\"query-input\":\"required name=search_term_string\"}],\"inLanguage\":\"ca\"},{\"@type\":\"Person\",\"@id\":\"https:\/\/oak2000.com\/#\/schema\/person\/4f481b3104486bfc65469e2fe80c54ac\",\"name\":\"oak2000\",\"image\":{\"@type\":\"ImageObject\",\"inLanguage\":\"ca\",\"@id\":\"https:\/\/oak2000.com\/#\/schema\/person\/image\/\",\"url\":\"https:\/\/oak2000.com\/wp-content\/uploads\/2025\/02\/cropped-favicon-100x100.png\",\"contentUrl\":\"https:\/\/oak2000.com\/wp-content\/uploads\/2025\/02\/cropped-favicon-100x100.png\",\"caption\":\"oak2000\"}}]}<\/script>\n<!-- \/ Yoast SEO plugin. -->","yoast_head_json":{"title":"Novetats Fira del moble de Mil\u00e0 2017 - OAK 2000","description":"Empresa de reformes integrals Barcelona. Assesorament. Equilibri entre est\u00e8tica, funcionalitat i preu. Fabricants per a completar la reforma.","robots":{"index":"index","follow":"follow","max-snippet":"max-snippet:-1","max-image-preview":"max-image-preview:large","max-video-preview":"max-video-preview:-1"},"canonical":"https:\/\/oak2000.com\/ca\/fira-del-moble-mila-2017\/","og_locale":"ca_ES","og_type":"article","og_title":"Novetats Fira del moble de Mil\u00e0 2017 - OAK 2000","og_description":"Empresa de reformes integrals Barcelona. Assesorament. Equilibri entre est\u00e8tica, funcionalitat i preu. Fabricants per a completar la reforma.","og_url":"https:\/\/oak2000.com\/ca\/fira-del-moble-mila-2017\/","og_site_name":"OAK 2000","article_published_time":"2017-04-24T10:51:38+00:00","article_modified_time":"2020-06-22T16:22:23+00:00","og_image":[{"width":1080,"height":675,"url":"https:\/\/oak2000.com\/wp-content\/uploads\/2017\/04\/iluminaci\u00f3n-mobiliario-sal\u00f3n-1080x675-2.jpg","type":"image\/jpeg"}],"author":"oak2000","twitter_card":"summary_large_image","twitter_misc":{"Escrit per":"oak2000","Temps estimat de lectura":"2 minuts"},"schema":{"@context":"https:\/\/schema.org","@graph":[{"@type":"WebPage","@id":"https:\/\/oak2000.com\/ca\/fira-del-moble-mila-2017\/","url":"https:\/\/oak2000.com\/ca\/fira-del-moble-mila-2017\/","name":"Novetats Fira del moble de Mil\u00e0 2017 - OAK 2000","isPartOf":{"@id":"https:\/\/oak2000.com\/#website"},"datePublished":"2017-04-24T10:51:38+00:00","dateModified":"2020-06-22T16:22:23+00:00","author":{"@id":"https:\/\/oak2000.com\/#\/schema\/person\/4f481b3104486bfc65469e2fe80c54ac"},"description":"Empresa de reformes integrals Barcelona. Assesorament. Equilibri entre est\u00e8tica, funcionalitat i preu. Fabricants per a completar la reforma.","breadcrumb":{"@id":"https:\/\/oak2000.com\/ca\/fira-del-moble-mila-2017\/#breadcrumb"},"inLanguage":"ca","potentialAction":[{"@type":"ReadAction","target":["https:\/\/oak2000.com\/ca\/fira-del-moble-mila-2017\/"]}]},{"@type":"BreadcrumbList","@id":"https:\/\/oak2000.com\/ca\/fira-del-moble-mila-2017\/#breadcrumb","itemListElement":[{"@type":"ListItem","position":1,"name":"Portada","item":"https:\/\/oak2000.com\/"},{"@type":"ListItem","position":2,"name":"Novetats Fira del moble de Mil\u00e0 2017"}]},{"@type":"WebSite","@id":"https:\/\/oak2000.com\/#website","url":"https:\/\/oak2000.com\/","name":"OAK 2000","description":"","potentialAction":[{"@type":"SearchAction","target":{"@type":"EntryPoint","urlTemplate":"https:\/\/oak2000.com\/?s={search_term_string}"},"query-input":"required name=search_term_string"}],"inLanguage":"ca"},{"@type":"Person","@id":"https:\/\/oak2000.com\/#\/schema\/person\/4f481b3104486bfc65469e2fe80c54ac","name":"oak2000","image":{"@type":"ImageObject","inLanguage":"ca","@id":"https:\/\/oak2000.com\/#\/schema\/person\/image\/","url":"https:\/\/oak2000.com\/wp-content\/uploads\/2025\/02\/cropped-favicon-100x100.png","contentUrl":"https:\/\/oak2000.com\/wp-content\/uploads\/2025\/02\/cropped-favicon-100x100.png","caption":"oak2000"}}]}},"_links":{"self":[{"href":"https:\/\/oak2000.com\/ca\/wp-json\/wp\/v2\/posts\/4450"}],"collection":[{"href":"https:\/\/oak2000.com\/ca\/wp-json\/wp\/v2\/posts"}],"about":[{"href":"https:\/\/oak2000.com\/ca\/wp-json\/wp\/v2\/types\/post"}],"author":[{"embeddable":true,"href":"https:\/\/oak2000.com\/ca\/wp-json\/wp\/v2\/users\/1"}],"replies":[{"embeddable":true,"href":"https:\/\/oak2000.com\/ca\/wp-json\/wp\/v2\/comments?post=4450"}],"version-history":[{"count":1,"href":"https:\/\/oak2000.com\/ca\/wp-json\/wp\/v2\/posts\/4450\/revisions"}],"predecessor-version":[{"id":12454,"href":"https:\/\/oak2000.com\/ca\/wp-json\/wp\/v2\/posts\/4450\/revisions\/12454"}],"wp:featuredmedia":[{"embeddable":true,"href":"https:\/\/oak2000.com\/ca\/wp-json\/wp\/v2\/media\/10207"}],"wp:attachment":[{"href":"https:\/\/oak2000.com\/ca\/wp-json\/wp\/v2\/media?parent=4450"}],"wp:term":[{"taxonomy":"category","embeddable":true,"href":"https:\/\/oak2000.com\/ca\/wp-json\/wp\/v2\/categories?post=4450"},{"taxonomy":"post_tag","embeddable":true,"href":"https:\/\/oak2000.com\/ca\/wp-json\/wp\/v2\/tags?post=4450"}],"curies":[{"name":"wp","href":"https:\/\/api.w.org\/{rel}","templated":true}]}}