{"id":4201,"date":"2014-07-28T12:21:34","date_gmt":"2014-07-28T10:21:34","guid":{"rendered":"https:\/\/oak2000.com\/?p=4201"},"modified":"2020-06-22T18:23:35","modified_gmt":"2020-06-22T16:23:35","slug":"showroom-doak-al-mon-2","status":"publish","type":"post","link":"https:\/\/oak2000.com\/ca\/showroom-doak-al-mon-2\/","title":{"rendered":"El Showroom d&#8217;OAK al m\u00f3n"},"content":{"rendered":"<p>Despr\u00e9s de la concessi\u00f3 per part de<strong> FAD Fest del premi internacional de disseny d&#8217;interiors al Showroom d&#8217;OAK<\/strong> dissenyat per Anna i Eugeni Bach s\u00f3n molts els medis de comunicaci\u00f3 que s&#8217;han fet eco de la not\u00edcia.<\/p>\n<p>En aquesta ocasi\u00f3, el diari &#8220;El Mundo&#8221;, a la seva secci\u00f3 de tend\u00e8ncies, realitza una entrevista a l&#8217;Anna i l&#8217;Eugeni on es menciona el nostre Showroom.<\/p>\n<p>Podeu llegir la publicaci\u00f3 d'&#8221;El Mundo&#8221; del 24 de Juliol de 2014 al <a title=\"Descargar documendo PDF con el art\u00edculo en El Mundo, secci\u00f3n de Tendencias, con la entrevista a A&amp;E Bach\" href=\"https:\/\/oak2000.com\/blog\/wp-content\/uploads\/2014\/02\/DWebRevistatemp20140724-000101907925009025-EL-MUNDO-DE-CATALUNYA.pdf\" target=\"_blank\" rel=\"noopener noreferrer\"> seg\u00fcent PDF<\/a>.<\/p>\n<p>&nbsp;<\/p>\n","protected":false},"excerpt":{"rendered":"<p>Despr\u00e9s de la concessi\u00f3 per part de FAD Fest del premi internacional de disseny d&#8217;interiors al Showroom d&#8217;OAK dissenyat per Anna i Eugeni Bach s\u00f3n molts els medis de comunicaci\u00f3&#8230;<\/p>\n","protected":false},"author":1,"featured_media":9428,"comment_status":"open","ping_status":"closed","sticky":false,"template":"","format":"standard","meta":{"footnotes":""},"categories":[658],"tags":[659,483],"yoast_head":"<!-- This site is optimized with the Yoast SEO plugin v21.5 - https:\/\/yoast.com\/wordpress\/plugins\/seo\/ -->\n<title>El Showroom d&#039;OAK al m\u00f3n - OAK 2000<\/title>\n<meta name=\"description\" content=\"El showroom d\u2019OAK2000 obt\u00e9 el premi internacional de disseny d\u2019interiors. Diari El Mundo, secci\u00f3 tend\u00e8ncies. Entrevista als dissenyadors.\" \/>\n<meta name=\"robots\" content=\"index, follow, max-snippet:-1, max-image-preview:large, max-video-preview:-1\" \/>\n<link rel=\"canonical\" href=\"https:\/\/oak2000.com\/ca\/showroom-doak-al-mon-2\/\" \/>\n<meta property=\"og:locale\" content=\"ca_ES\" \/>\n<meta property=\"og:type\" content=\"article\" \/>\n<meta property=\"og:title\" content=\"El Showroom d&#039;OAK al m\u00f3n - OAK 2000\" \/>\n<meta property=\"og:description\" content=\"El showroom d\u2019OAK2000 obt\u00e9 el premi internacional de disseny d\u2019interiors. Diari El Mundo, secci\u00f3 tend\u00e8ncies. Entrevista als dissenyadors.\" \/>\n<meta property=\"og:url\" content=\"https:\/\/oak2000.com\/ca\/showroom-doak-al-mon-2\/\" \/>\n<meta property=\"og:site_name\" content=\"OAK 2000\" \/>\n<meta property=\"article:published_time\" content=\"2014-07-28T10:21:34+00:00\" \/>\n<meta property=\"article:modified_time\" content=\"2020-06-22T16:23:35+00:00\" \/>\n<meta property=\"og:image\" content=\"https:\/\/oak2000.com\/wp-content\/uploads\/2014\/07\/30-1.png\" \/>\n\t<meta property=\"og:image:width\" content=\"560\" \/>\n\t<meta property=\"og:image:height\" content=\"220\" \/>\n\t<meta property=\"og:image:type\" content=\"image\/png\" \/>\n<meta name=\"author\" content=\"oak2000\" \/>\n<meta name=\"twitter:card\" content=\"summary_large_image\" \/>\n<meta name=\"twitter:label1\" content=\"Escrit per\" \/>\n\t<meta name=\"twitter:data1\" content=\"oak2000\" \/>\n<script type=\"application\/ld+json\" class=\"yoast-schema-graph\">{\"@context\":\"https:\/\/schema.org\",\"@graph\":[{\"@type\":\"WebPage\",\"@id\":\"https:\/\/oak2000.com\/ca\/showroom-doak-al-mon-2\/\",\"url\":\"https:\/\/oak2000.com\/ca\/showroom-doak-al-mon-2\/\",\"name\":\"El Showroom d'OAK al m\u00f3n - OAK 2000\",\"isPartOf\":{\"@id\":\"https:\/\/oak2000.com\/#website\"},\"datePublished\":\"2014-07-28T10:21:34+00:00\",\"dateModified\":\"2020-06-22T16:23:35+00:00\",\"author\":{\"@id\":\"https:\/\/oak2000.com\/#\/schema\/person\/4f481b3104486bfc65469e2fe80c54ac\"},\"description\":\"El showroom d\u2019OAK2000 obt\u00e9 el premi internacional de disseny d\u2019interiors. Diari El Mundo, secci\u00f3 tend\u00e8ncies. Entrevista als dissenyadors.\",\"breadcrumb\":{\"@id\":\"https:\/\/oak2000.com\/ca\/showroom-doak-al-mon-2\/#breadcrumb\"},\"inLanguage\":\"ca\",\"potentialAction\":[{\"@type\":\"ReadAction\",\"target\":[\"https:\/\/oak2000.com\/ca\/showroom-doak-al-mon-2\/\"]}]},{\"@type\":\"BreadcrumbList\",\"@id\":\"https:\/\/oak2000.com\/ca\/showroom-doak-al-mon-2\/#breadcrumb\",\"itemListElement\":[{\"@type\":\"ListItem\",\"position\":1,\"name\":\"Portada\",\"item\":\"https:\/\/oak2000.com\/\"},{\"@type\":\"ListItem\",\"position\":2,\"name\":\"El Showroom d&#8217;OAK al m\u00f3n\"}]},{\"@type\":\"WebSite\",\"@id\":\"https:\/\/oak2000.com\/#website\",\"url\":\"https:\/\/oak2000.com\/\",\"name\":\"OAK 2000\",\"description\":\"\",\"potentialAction\":[{\"@type\":\"SearchAction\",\"target\":{\"@type\":\"EntryPoint\",\"urlTemplate\":\"https:\/\/oak2000.com\/?s={search_term_string}\"},\"query-input\":\"required name=search_term_string\"}],\"inLanguage\":\"ca\"},{\"@type\":\"Person\",\"@id\":\"https:\/\/oak2000.com\/#\/schema\/person\/4f481b3104486bfc65469e2fe80c54ac\",\"name\":\"oak2000\",\"image\":{\"@type\":\"ImageObject\",\"inLanguage\":\"ca\",\"@id\":\"https:\/\/oak2000.com\/#\/schema\/person\/image\/\",\"url\":\"https:\/\/oak2000.com\/wp-content\/uploads\/2025\/02\/cropped-favicon-100x100.png\",\"contentUrl\":\"https:\/\/oak2000.com\/wp-content\/uploads\/2025\/02\/cropped-favicon-100x100.png\",\"caption\":\"oak2000\"}}]}<\/script>\n<!-- \/ Yoast SEO plugin. -->","yoast_head_json":{"title":"El Showroom d'OAK al m\u00f3n - OAK 2000","description":"El showroom d\u2019OAK2000 obt\u00e9 el premi internacional de disseny d\u2019interiors. Diari El Mundo, secci\u00f3 tend\u00e8ncies. Entrevista als dissenyadors.","robots":{"index":"index","follow":"follow","max-snippet":"max-snippet:-1","max-image-preview":"max-image-preview:large","max-video-preview":"max-video-preview:-1"},"canonical":"https:\/\/oak2000.com\/ca\/showroom-doak-al-mon-2\/","og_locale":"ca_ES","og_type":"article","og_title":"El Showroom d'OAK al m\u00f3n - OAK 2000","og_description":"El showroom d\u2019OAK2000 obt\u00e9 el premi internacional de disseny d\u2019interiors. Diari El Mundo, secci\u00f3 tend\u00e8ncies. Entrevista als dissenyadors.","og_url":"https:\/\/oak2000.com\/ca\/showroom-doak-al-mon-2\/","og_site_name":"OAK 2000","article_published_time":"2014-07-28T10:21:34+00:00","article_modified_time":"2020-06-22T16:23:35+00:00","og_image":[{"width":560,"height":220,"url":"https:\/\/oak2000.com\/wp-content\/uploads\/2014\/07\/30-1.png","type":"image\/png"}],"author":"oak2000","twitter_card":"summary_large_image","twitter_misc":{"Escrit per":"oak2000"},"schema":{"@context":"https:\/\/schema.org","@graph":[{"@type":"WebPage","@id":"https:\/\/oak2000.com\/ca\/showroom-doak-al-mon-2\/","url":"https:\/\/oak2000.com\/ca\/showroom-doak-al-mon-2\/","name":"El Showroom d'OAK al m\u00f3n - OAK 2000","isPartOf":{"@id":"https:\/\/oak2000.com\/#website"},"datePublished":"2014-07-28T10:21:34+00:00","dateModified":"2020-06-22T16:23:35+00:00","author":{"@id":"https:\/\/oak2000.com\/#\/schema\/person\/4f481b3104486bfc65469e2fe80c54ac"},"description":"El showroom d\u2019OAK2000 obt\u00e9 el premi internacional de disseny d\u2019interiors. Diari El Mundo, secci\u00f3 tend\u00e8ncies. Entrevista als dissenyadors.","breadcrumb":{"@id":"https:\/\/oak2000.com\/ca\/showroom-doak-al-mon-2\/#breadcrumb"},"inLanguage":"ca","potentialAction":[{"@type":"ReadAction","target":["https:\/\/oak2000.com\/ca\/showroom-doak-al-mon-2\/"]}]},{"@type":"BreadcrumbList","@id":"https:\/\/oak2000.com\/ca\/showroom-doak-al-mon-2\/#breadcrumb","itemListElement":[{"@type":"ListItem","position":1,"name":"Portada","item":"https:\/\/oak2000.com\/"},{"@type":"ListItem","position":2,"name":"El Showroom d&#8217;OAK al m\u00f3n"}]},{"@type":"WebSite","@id":"https:\/\/oak2000.com\/#website","url":"https:\/\/oak2000.com\/","name":"OAK 2000","description":"","potentialAction":[{"@type":"SearchAction","target":{"@type":"EntryPoint","urlTemplate":"https:\/\/oak2000.com\/?s={search_term_string}"},"query-input":"required name=search_term_string"}],"inLanguage":"ca"},{"@type":"Person","@id":"https:\/\/oak2000.com\/#\/schema\/person\/4f481b3104486bfc65469e2fe80c54ac","name":"oak2000","image":{"@type":"ImageObject","inLanguage":"ca","@id":"https:\/\/oak2000.com\/#\/schema\/person\/image\/","url":"https:\/\/oak2000.com\/wp-content\/uploads\/2025\/02\/cropped-favicon-100x100.png","contentUrl":"https:\/\/oak2000.com\/wp-content\/uploads\/2025\/02\/cropped-favicon-100x100.png","caption":"oak2000"}}]}},"_links":{"self":[{"href":"https:\/\/oak2000.com\/ca\/wp-json\/wp\/v2\/posts\/4201"}],"collection":[{"href":"https:\/\/oak2000.com\/ca\/wp-json\/wp\/v2\/posts"}],"about":[{"href":"https:\/\/oak2000.com\/ca\/wp-json\/wp\/v2\/types\/post"}],"author":[{"embeddable":true,"href":"https:\/\/oak2000.com\/ca\/wp-json\/wp\/v2\/users\/1"}],"replies":[{"embeddable":true,"href":"https:\/\/oak2000.com\/ca\/wp-json\/wp\/v2\/comments?post=4201"}],"version-history":[{"count":1,"href":"https:\/\/oak2000.com\/ca\/wp-json\/wp\/v2\/posts\/4201\/revisions"}],"predecessor-version":[{"id":12459,"href":"https:\/\/oak2000.com\/ca\/wp-json\/wp\/v2\/posts\/4201\/revisions\/12459"}],"wp:featuredmedia":[{"embeddable":true,"href":"https:\/\/oak2000.com\/ca\/wp-json\/wp\/v2\/media\/9428"}],"wp:attachment":[{"href":"https:\/\/oak2000.com\/ca\/wp-json\/wp\/v2\/media?parent=4201"}],"wp:term":[{"taxonomy":"category","embeddable":true,"href":"https:\/\/oak2000.com\/ca\/wp-json\/wp\/v2\/categories?post=4201"},{"taxonomy":"post_tag","embeddable":true,"href":"https:\/\/oak2000.com\/ca\/wp-json\/wp\/v2\/tags?post=4201"}],"curies":[{"name":"wp","href":"https:\/\/api.w.org\/{rel}","templated":true}]}}