{"id":4198,"date":"2014-09-01T12:16:16","date_gmt":"2014-09-01T10:16:16","guid":{"rendered":"https:\/\/oak2000.com\/?p=4198"},"modified":"2020-06-22T18:23:20","modified_gmt":"2020-06-22T16:23:20","slug":"showroom-doak-projecte-preferit-del-public-als-premis-fad","status":"publish","type":"post","link":"https:\/\/oak2000.com\/ca\/showroom-doak-projecte-preferit-del-public-als-premis-fad\/","title":{"rendered":"El Showroom d&#8217;OAK, projecte preferit del p\u00fablic als Premis FAD"},"content":{"rendered":"<p>Aix\u00ed com van anunciar el mes passat, la nostra botiga del carrer Num\u00e0ncia va quedar finalista amb el projecte de rehabilitaci\u00f3 d\u2019Anna i Eugeni Bach als premis FAD 2014 d\u2019arquitectura i interiorisme, i ja tenim el veredicte!<\/p>\n<p>El passat dia 3 de Juliol al Museu del Disseny de Barcelona es van lliurar tots els premis. Un cop lliurats els premis del jurat, els assistents a la ceremonia van votar pels premis de l\u2019Opini\u00f3 en totes les categories i vam ser guanyadors en la categor\u00eda d\u2019Interiorisme.<\/p>\n<div id=\"attachment_136\" style=\"width: 340px\" class=\"wp-caption aligncenter\"><a href=\"https:\/\/oak2000.com\/blog\/wp-content\/uploads\/2014\/09\/Sin-ti\u0301tulo.png\"><img aria-describedby=\"caption-attachment-136\" decoding=\"async\" loading=\"lazy\" class=\"wp-image-136 size-full\" src=\"https:\/\/oak2000.com\/blog\/wp-content\/uploads\/2014\/09\/Sin-ti\u0301tulo.png\" alt=\"OAK - Premios FAD\" width=\"330\" height=\"450\" \/><\/a><p id=\"caption-attachment-136\" class=\"wp-caption-text\">OAK &#8211; Premios FAD<\/p><\/div>\n<p>La valoraci\u00f3 del Jurat va ser la seg\u00fcent:<\/p>\n<p><em>Ressalta la creaci\u00f3 d\u2019un ambient \u00fanic a partir d\u2019un espai irregular i compartimentat que desapareix per convertir-se en una successi\u00f3 fluida d\u2019aparadors mitjan\u00e7ant la continu\u00eftat del paviment, el sostre i les parets. L\u2019adequada utilitzaci\u00f3 de la fusta li d\u00f3na el comfort i la qualitat que el programa demana.<\/em><\/p>\n<p>Una part del nostre equip a l\u2019entrega de premis al Disseny Hub de Barcelona.<\/p>\n<div id=\"attachment_135\" style=\"width: 344px\" class=\"wp-caption aligncenter\"><a href=\"https:\/\/oak2000.com\/blog\/wp-content\/uploads\/2014\/09\/Sin-ti\u0301tulo-1.png\"><img aria-describedby=\"caption-attachment-135\" decoding=\"async\" loading=\"lazy\" class=\"wp-image-135 size-full\" src=\"https:\/\/oak2000.com\/blog\/wp-content\/uploads\/2014\/09\/Sin-ti\u0301tulo-1.png\" alt=\"Equipo OAK en Premios FAD\" width=\"334\" height=\"456\" \/><\/a><p id=\"caption-attachment-135\" class=\"wp-caption-text\">Equipo OAK en Premios FAD<\/p><\/div>\n","protected":false},"excerpt":{"rendered":"<p>Aix\u00ed com van anunciar el mes passat, la nostra botiga del carrer Num\u00e0ncia va quedar finalista amb el projecte de rehabilitaci\u00f3 d\u2019Anna i Eugeni Bach als premis FAD 2014 d\u2019arquitectura&#8230;<\/p>\n","protected":false},"author":1,"featured_media":9426,"comment_status":"open","ping_status":"closed","sticky":false,"template":"","format":"standard","meta":{"footnotes":""},"categories":[665],"tags":[666,667,466,480,618],"yoast_head":"<!-- This site is optimized with the Yoast SEO plugin v21.5 - https:\/\/yoast.com\/wordpress\/plugins\/seo\/ -->\n<title>El Showroom de OAK, proyecto favorito del p\u00fablico en los Premios FAD<\/title>\n<meta name=\"description\" content=\"El Showroom de OAK 2000 fue elegido por el p\u00fablico como proyecto favorito en los Premios FAD. Ven a visitarlo a la c\/Numancia n\u00ba48-50 de Barcelona.\" \/>\n<meta name=\"robots\" content=\"index, follow, max-snippet:-1, max-image-preview:large, max-video-preview:-1\" \/>\n<link rel=\"canonical\" href=\"https:\/\/oak2000.com\/ca\/showroom-doak-projecte-preferit-del-public-als-premis-fad\/\" \/>\n<meta property=\"og:locale\" content=\"ca_ES\" \/>\n<meta property=\"og:type\" content=\"article\" \/>\n<meta property=\"og:title\" content=\"El Showroom de OAK, proyecto favorito del p\u00fablico en los Premios FAD\" \/>\n<meta property=\"og:description\" content=\"El Showroom de OAK 2000 fue elegido por el p\u00fablico como proyecto favorito en los Premios FAD. Ven a visitarlo a la c\/Numancia n\u00ba48-50 de Barcelona.\" \/>\n<meta property=\"og:url\" content=\"https:\/\/oak2000.com\/ca\/showroom-doak-projecte-preferit-del-public-als-premis-fad\/\" \/>\n<meta property=\"og:site_name\" content=\"OAK 2000\" \/>\n<meta property=\"article:published_time\" content=\"2014-09-01T10:16:16+00:00\" \/>\n<meta property=\"article:modified_time\" content=\"2020-06-22T16:23:20+00:00\" \/>\n<meta property=\"og:image\" content=\"https:\/\/oak2000.com\/wp-content\/uploads\/2014\/09\/28-1.jpg\" \/>\n\t<meta property=\"og:image:width\" content=\"560\" \/>\n\t<meta property=\"og:image:height\" content=\"220\" \/>\n\t<meta property=\"og:image:type\" content=\"image\/jpeg\" \/>\n<meta name=\"author\" content=\"oak2000\" \/>\n<meta name=\"twitter:card\" content=\"summary_large_image\" \/>\n<meta name=\"twitter:label1\" content=\"Escrit per\" \/>\n\t<meta name=\"twitter:data1\" content=\"oak2000\" \/>\n\t<meta name=\"twitter:label2\" content=\"Temps estimat de lectura\" \/>\n\t<meta name=\"twitter:data2\" content=\"1 minut\" \/>\n<script type=\"application\/ld+json\" class=\"yoast-schema-graph\">{\"@context\":\"https:\/\/schema.org\",\"@graph\":[{\"@type\":\"WebPage\",\"@id\":\"https:\/\/oak2000.com\/ca\/showroom-doak-projecte-preferit-del-public-als-premis-fad\/\",\"url\":\"https:\/\/oak2000.com\/ca\/showroom-doak-projecte-preferit-del-public-als-premis-fad\/\",\"name\":\"El Showroom de OAK, proyecto favorito del p\u00fablico en los Premios FAD\",\"isPartOf\":{\"@id\":\"https:\/\/oak2000.com\/#website\"},\"datePublished\":\"2014-09-01T10:16:16+00:00\",\"dateModified\":\"2020-06-22T16:23:20+00:00\",\"author\":{\"@id\":\"https:\/\/oak2000.com\/#\/schema\/person\/4f481b3104486bfc65469e2fe80c54ac\"},\"description\":\"El Showroom de OAK 2000 fue elegido por el p\u00fablico como proyecto favorito en los Premios FAD. Ven a visitarlo a la c\/Numancia n\u00ba48-50 de Barcelona.\",\"breadcrumb\":{\"@id\":\"https:\/\/oak2000.com\/ca\/showroom-doak-projecte-preferit-del-public-als-premis-fad\/#breadcrumb\"},\"inLanguage\":\"ca\",\"potentialAction\":[{\"@type\":\"ReadAction\",\"target\":[\"https:\/\/oak2000.com\/ca\/showroom-doak-projecte-preferit-del-public-als-premis-fad\/\"]}]},{\"@type\":\"BreadcrumbList\",\"@id\":\"https:\/\/oak2000.com\/ca\/showroom-doak-projecte-preferit-del-public-als-premis-fad\/#breadcrumb\",\"itemListElement\":[{\"@type\":\"ListItem\",\"position\":1,\"name\":\"Portada\",\"item\":\"https:\/\/oak2000.com\/ca\/\"},{\"@type\":\"ListItem\",\"position\":2,\"name\":\"El Showroom d&#8217;OAK, projecte preferit del p\u00fablic als Premis FAD\"}]},{\"@type\":\"WebSite\",\"@id\":\"https:\/\/oak2000.com\/#website\",\"url\":\"https:\/\/oak2000.com\/\",\"name\":\"OAK 2000\",\"description\":\"\",\"potentialAction\":[{\"@type\":\"SearchAction\",\"target\":{\"@type\":\"EntryPoint\",\"urlTemplate\":\"https:\/\/oak2000.com\/?s={search_term_string}\"},\"query-input\":\"required name=search_term_string\"}],\"inLanguage\":\"ca\"},{\"@type\":\"Person\",\"@id\":\"https:\/\/oak2000.com\/#\/schema\/person\/4f481b3104486bfc65469e2fe80c54ac\",\"name\":\"oak2000\",\"image\":{\"@type\":\"ImageObject\",\"inLanguage\":\"ca\",\"@id\":\"https:\/\/oak2000.com\/#\/schema\/person\/image\/\",\"url\":\"https:\/\/oak2000.com\/wp-content\/uploads\/2025\/02\/cropped-favicon-100x100.png\",\"contentUrl\":\"https:\/\/oak2000.com\/wp-content\/uploads\/2025\/02\/cropped-favicon-100x100.png\",\"caption\":\"oak2000\"}}]}<\/script>\n<!-- \/ Yoast SEO plugin. -->","yoast_head_json":{"title":"El Showroom de OAK, proyecto favorito del p\u00fablico en los Premios FAD","description":"El Showroom de OAK 2000 fue elegido por el p\u00fablico como proyecto favorito en los Premios FAD. Ven a visitarlo a la c\/Numancia n\u00ba48-50 de Barcelona.","robots":{"index":"index","follow":"follow","max-snippet":"max-snippet:-1","max-image-preview":"max-image-preview:large","max-video-preview":"max-video-preview:-1"},"canonical":"https:\/\/oak2000.com\/ca\/showroom-doak-projecte-preferit-del-public-als-premis-fad\/","og_locale":"ca_ES","og_type":"article","og_title":"El Showroom de OAK, proyecto favorito del p\u00fablico en los Premios FAD","og_description":"El Showroom de OAK 2000 fue elegido por el p\u00fablico como proyecto favorito en los Premios FAD. Ven a visitarlo a la c\/Numancia n\u00ba48-50 de Barcelona.","og_url":"https:\/\/oak2000.com\/ca\/showroom-doak-projecte-preferit-del-public-als-premis-fad\/","og_site_name":"OAK 2000","article_published_time":"2014-09-01T10:16:16+00:00","article_modified_time":"2020-06-22T16:23:20+00:00","og_image":[{"width":560,"height":220,"url":"https:\/\/oak2000.com\/wp-content\/uploads\/2014\/09\/28-1.jpg","type":"image\/jpeg"}],"author":"oak2000","twitter_card":"summary_large_image","twitter_misc":{"Escrit per":"oak2000","Temps estimat de lectura":"1 minut"},"schema":{"@context":"https:\/\/schema.org","@graph":[{"@type":"WebPage","@id":"https:\/\/oak2000.com\/ca\/showroom-doak-projecte-preferit-del-public-als-premis-fad\/","url":"https:\/\/oak2000.com\/ca\/showroom-doak-projecte-preferit-del-public-als-premis-fad\/","name":"El Showroom de OAK, proyecto favorito del p\u00fablico en los Premios FAD","isPartOf":{"@id":"https:\/\/oak2000.com\/#website"},"datePublished":"2014-09-01T10:16:16+00:00","dateModified":"2020-06-22T16:23:20+00:00","author":{"@id":"https:\/\/oak2000.com\/#\/schema\/person\/4f481b3104486bfc65469e2fe80c54ac"},"description":"El Showroom de OAK 2000 fue elegido por el p\u00fablico como proyecto favorito en los Premios FAD. Ven a visitarlo a la c\/Numancia n\u00ba48-50 de Barcelona.","breadcrumb":{"@id":"https:\/\/oak2000.com\/ca\/showroom-doak-projecte-preferit-del-public-als-premis-fad\/#breadcrumb"},"inLanguage":"ca","potentialAction":[{"@type":"ReadAction","target":["https:\/\/oak2000.com\/ca\/showroom-doak-projecte-preferit-del-public-als-premis-fad\/"]}]},{"@type":"BreadcrumbList","@id":"https:\/\/oak2000.com\/ca\/showroom-doak-projecte-preferit-del-public-als-premis-fad\/#breadcrumb","itemListElement":[{"@type":"ListItem","position":1,"name":"Portada","item":"https:\/\/oak2000.com\/ca\/"},{"@type":"ListItem","position":2,"name":"El Showroom d&#8217;OAK, projecte preferit del p\u00fablic als Premis FAD"}]},{"@type":"WebSite","@id":"https:\/\/oak2000.com\/#website","url":"https:\/\/oak2000.com\/","name":"OAK 2000","description":"","potentialAction":[{"@type":"SearchAction","target":{"@type":"EntryPoint","urlTemplate":"https:\/\/oak2000.com\/?s={search_term_string}"},"query-input":"required name=search_term_string"}],"inLanguage":"ca"},{"@type":"Person","@id":"https:\/\/oak2000.com\/#\/schema\/person\/4f481b3104486bfc65469e2fe80c54ac","name":"oak2000","image":{"@type":"ImageObject","inLanguage":"ca","@id":"https:\/\/oak2000.com\/#\/schema\/person\/image\/","url":"https:\/\/oak2000.com\/wp-content\/uploads\/2025\/02\/cropped-favicon-100x100.png","contentUrl":"https:\/\/oak2000.com\/wp-content\/uploads\/2025\/02\/cropped-favicon-100x100.png","caption":"oak2000"}}]}},"_links":{"self":[{"href":"https:\/\/oak2000.com\/ca\/wp-json\/wp\/v2\/posts\/4198"}],"collection":[{"href":"https:\/\/oak2000.com\/ca\/wp-json\/wp\/v2\/posts"}],"about":[{"href":"https:\/\/oak2000.com\/ca\/wp-json\/wp\/v2\/types\/post"}],"author":[{"embeddable":true,"href":"https:\/\/oak2000.com\/ca\/wp-json\/wp\/v2\/users\/1"}],"replies":[{"embeddable":true,"href":"https:\/\/oak2000.com\/ca\/wp-json\/wp\/v2\/comments?post=4198"}],"version-history":[{"count":1,"href":"https:\/\/oak2000.com\/ca\/wp-json\/wp\/v2\/posts\/4198\/revisions"}],"predecessor-version":[{"id":12458,"href":"https:\/\/oak2000.com\/ca\/wp-json\/wp\/v2\/posts\/4198\/revisions\/12458"}],"wp:featuredmedia":[{"embeddable":true,"href":"https:\/\/oak2000.com\/ca\/wp-json\/wp\/v2\/media\/9426"}],"wp:attachment":[{"href":"https:\/\/oak2000.com\/ca\/wp-json\/wp\/v2\/media?parent=4198"}],"wp:term":[{"taxonomy":"category","embeddable":true,"href":"https:\/\/oak2000.com\/ca\/wp-json\/wp\/v2\/categories?post=4198"},{"taxonomy":"post_tag","embeddable":true,"href":"https:\/\/oak2000.com\/ca\/wp-json\/wp\/v2\/tags?post=4198"}],"curies":[{"name":"wp","href":"https:\/\/api.w.org\/{rel}","templated":true}]}}