{"id":4106,"date":"2015-07-28T09:46:02","date_gmt":"2015-07-28T07:46:02","guid":{"rendered":"https:\/\/oak2000.com\/?p=4106"},"modified":"2015-07-28T09:46:02","modified_gmt":"2015-07-28T07:46:02","slug":"domingo-i-isabel-reforma-integral-avinguda-madrid-166-2014-2","status":"publish","type":"post","link":"https:\/\/oak2000.com\/ca\/domingo-i-isabel-reforma-integral-avinguda-madrid-166-2014-2\/","title":{"rendered":"Domingo i Isabel. Reforma Integral Avinguda de Madrid, 166. 2014."},"content":{"rendered":"<p class=\"p1\"><span class=\"s1\">&#8220;D&#8217;OAK 2000 crec que es de just\u00edcia dir que l&#8217;equip que formen des del Joan, el seu gerent; fins l&#8217;Olga, interiorista i transformadora dels teus desitjos en realitat; o el bo del Juan Jos\u00e9 i la resta dels seus operaris, dels qui es nota que estimen la seva professi\u00f3, et fan m\u00e9s f\u00e0cil prendre una decisi\u00f3 com la reforma integral de la teva llar&#8221;.<\/span><\/p>\n<p class=\"p1\"><span class=\"s1\">&#8220;Nom\u00e9s puc dir que des del projecte fins l&#8217;execuci\u00f3 i entrega de l&#8217;obra no se m&#8217;ha fet gens pesat i que despr\u00e9s d&#8217;un any de viure a la meva nova llar no m&#8217;he trobat amb sorpreses despr\u00e9s de les obres&#8221; -com molts cops escoltem-. &#8220;<\/span><span class=\"s1\">Tot est\u00e0 a la perfecci\u00f3&#8221;.<\/span><\/p>\n","protected":false},"excerpt":{"rendered":"<p>&#8220;D&#8217;OAK 2000 crec que es de just\u00edcia dir que l&#8217;equip que formen des del Joan, el seu gerent; fins l&#8217;Olga, interiorista i transformadora dels teus desitjos en realitat; o el&#8230;<\/p>\n","protected":false},"author":1,"featured_media":9414,"comment_status":"open","ping_status":"closed","sticky":false,"template":"","format":"standard","meta":{"footnotes":""},"categories":[597],"tags":[478,465,602,600,606],"yoast_head":"<!-- This site is optimized with the Yoast SEO plugin v21.5 - https:\/\/yoast.com\/wordpress\/plugins\/seo\/ -->\n<title>Domingo i Isabel. Reforma Integral Avgda. de Madrid,166. 2014.<\/title>\n<meta name=\"description\" content=\"Opini\u00f3 d&#039;OAK2000. Els propietaris comparteixen l&#039;experi\u00e8ncia de la reforma del seu pis. Despr\u00e9s d\u2019un any de viure-hi tot est\u00e0 a la perfecci\u00f3.\" \/>\n<meta name=\"robots\" content=\"index, follow, max-snippet:-1, max-image-preview:large, max-video-preview:-1\" \/>\n<link rel=\"canonical\" href=\"https:\/\/oak2000.com\/ca\/domingo-i-isabel-reforma-integral-avinguda-madrid-166-2014-2\/\" \/>\n<meta property=\"og:locale\" content=\"ca_ES\" \/>\n<meta property=\"og:type\" content=\"article\" \/>\n<meta property=\"og:title\" content=\"Domingo i Isabel. Reforma Integral Avgda. de Madrid,166. 2014.\" \/>\n<meta property=\"og:description\" content=\"Opini\u00f3 d&#039;OAK2000. Els propietaris comparteixen l&#039;experi\u00e8ncia de la reforma del seu pis. Despr\u00e9s d\u2019un any de viure-hi tot est\u00e0 a la perfecci\u00f3.\" \/>\n<meta property=\"og:url\" content=\"https:\/\/oak2000.com\/ca\/domingo-i-isabel-reforma-integral-avinguda-madrid-166-2014-2\/\" \/>\n<meta property=\"og:site_name\" content=\"OAK 2000\" \/>\n<meta property=\"article:published_time\" content=\"2015-07-28T07:46:02+00:00\" \/>\n<meta property=\"og:image\" content=\"https:\/\/oak2000.com\/wp-content\/uploads\/2015\/07\/16-1.jpg\" \/>\n\t<meta property=\"og:image:width\" content=\"560\" \/>\n\t<meta property=\"og:image:height\" content=\"220\" \/>\n\t<meta property=\"og:image:type\" content=\"image\/jpeg\" \/>\n<meta name=\"author\" content=\"oak2000\" \/>\n<meta name=\"twitter:card\" content=\"summary_large_image\" \/>\n<meta name=\"twitter:label1\" content=\"Escrit per\" \/>\n\t<meta name=\"twitter:data1\" content=\"oak2000\" \/>\n\t<meta name=\"twitter:label2\" content=\"Temps estimat de lectura\" \/>\n\t<meta name=\"twitter:data2\" content=\"1 minut\" \/>\n<script type=\"application\/ld+json\" class=\"yoast-schema-graph\">{\"@context\":\"https:\/\/schema.org\",\"@graph\":[{\"@type\":\"WebPage\",\"@id\":\"https:\/\/oak2000.com\/ca\/domingo-i-isabel-reforma-integral-avinguda-madrid-166-2014-2\/\",\"url\":\"https:\/\/oak2000.com\/ca\/domingo-i-isabel-reforma-integral-avinguda-madrid-166-2014-2\/\",\"name\":\"Domingo i Isabel. Reforma Integral Avgda. de Madrid,166. 2014.\",\"isPartOf\":{\"@id\":\"https:\/\/oak2000.com\/#website\"},\"datePublished\":\"2015-07-28T07:46:02+00:00\",\"dateModified\":\"2015-07-28T07:46:02+00:00\",\"author\":{\"@id\":\"https:\/\/oak2000.com\/#\/schema\/person\/4f481b3104486bfc65469e2fe80c54ac\"},\"description\":\"Opini\u00f3 d'OAK2000. Els propietaris comparteixen l'experi\u00e8ncia de la reforma del seu pis. Despr\u00e9s d\u2019un any de viure-hi tot est\u00e0 a la perfecci\u00f3.\",\"breadcrumb\":{\"@id\":\"https:\/\/oak2000.com\/ca\/domingo-i-isabel-reforma-integral-avinguda-madrid-166-2014-2\/#breadcrumb\"},\"inLanguage\":\"ca\",\"potentialAction\":[{\"@type\":\"ReadAction\",\"target\":[\"https:\/\/oak2000.com\/ca\/domingo-i-isabel-reforma-integral-avinguda-madrid-166-2014-2\/\"]}]},{\"@type\":\"BreadcrumbList\",\"@id\":\"https:\/\/oak2000.com\/ca\/domingo-i-isabel-reforma-integral-avinguda-madrid-166-2014-2\/#breadcrumb\",\"itemListElement\":[{\"@type\":\"ListItem\",\"position\":1,\"name\":\"Portada\",\"item\":\"https:\/\/oak2000.com\/\"},{\"@type\":\"ListItem\",\"position\":2,\"name\":\"Domingo i Isabel. Reforma Integral Avinguda de Madrid, 166. 2014.\"}]},{\"@type\":\"WebSite\",\"@id\":\"https:\/\/oak2000.com\/#website\",\"url\":\"https:\/\/oak2000.com\/\",\"name\":\"OAK 2000\",\"description\":\"\",\"potentialAction\":[{\"@type\":\"SearchAction\",\"target\":{\"@type\":\"EntryPoint\",\"urlTemplate\":\"https:\/\/oak2000.com\/?s={search_term_string}\"},\"query-input\":\"required name=search_term_string\"}],\"inLanguage\":\"ca\"},{\"@type\":\"Person\",\"@id\":\"https:\/\/oak2000.com\/#\/schema\/person\/4f481b3104486bfc65469e2fe80c54ac\",\"name\":\"oak2000\",\"image\":{\"@type\":\"ImageObject\",\"inLanguage\":\"ca\",\"@id\":\"https:\/\/oak2000.com\/#\/schema\/person\/image\/\",\"url\":\"https:\/\/oak2000.com\/wp-content\/uploads\/2025\/02\/cropped-favicon-100x100.png\",\"contentUrl\":\"https:\/\/oak2000.com\/wp-content\/uploads\/2025\/02\/cropped-favicon-100x100.png\",\"caption\":\"oak2000\"}}]}<\/script>\n<!-- \/ Yoast SEO plugin. -->","yoast_head_json":{"title":"Domingo i Isabel. Reforma Integral Avgda. de Madrid,166. 2014.","description":"Opini\u00f3 d'OAK2000. Els propietaris comparteixen l'experi\u00e8ncia de la reforma del seu pis. Despr\u00e9s d\u2019un any de viure-hi tot est\u00e0 a la perfecci\u00f3.","robots":{"index":"index","follow":"follow","max-snippet":"max-snippet:-1","max-image-preview":"max-image-preview:large","max-video-preview":"max-video-preview:-1"},"canonical":"https:\/\/oak2000.com\/ca\/domingo-i-isabel-reforma-integral-avinguda-madrid-166-2014-2\/","og_locale":"ca_ES","og_type":"article","og_title":"Domingo i Isabel. Reforma Integral Avgda. de Madrid,166. 2014.","og_description":"Opini\u00f3 d'OAK2000. Els propietaris comparteixen l'experi\u00e8ncia de la reforma del seu pis. Despr\u00e9s d\u2019un any de viure-hi tot est\u00e0 a la perfecci\u00f3.","og_url":"https:\/\/oak2000.com\/ca\/domingo-i-isabel-reforma-integral-avinguda-madrid-166-2014-2\/","og_site_name":"OAK 2000","article_published_time":"2015-07-28T07:46:02+00:00","og_image":[{"width":560,"height":220,"url":"https:\/\/oak2000.com\/wp-content\/uploads\/2015\/07\/16-1.jpg","type":"image\/jpeg"}],"author":"oak2000","twitter_card":"summary_large_image","twitter_misc":{"Escrit per":"oak2000","Temps estimat de lectura":"1 minut"},"schema":{"@context":"https:\/\/schema.org","@graph":[{"@type":"WebPage","@id":"https:\/\/oak2000.com\/ca\/domingo-i-isabel-reforma-integral-avinguda-madrid-166-2014-2\/","url":"https:\/\/oak2000.com\/ca\/domingo-i-isabel-reforma-integral-avinguda-madrid-166-2014-2\/","name":"Domingo i Isabel. Reforma Integral Avgda. de Madrid,166. 2014.","isPartOf":{"@id":"https:\/\/oak2000.com\/#website"},"datePublished":"2015-07-28T07:46:02+00:00","dateModified":"2015-07-28T07:46:02+00:00","author":{"@id":"https:\/\/oak2000.com\/#\/schema\/person\/4f481b3104486bfc65469e2fe80c54ac"},"description":"Opini\u00f3 d'OAK2000. Els propietaris comparteixen l'experi\u00e8ncia de la reforma del seu pis. Despr\u00e9s d\u2019un any de viure-hi tot est\u00e0 a la perfecci\u00f3.","breadcrumb":{"@id":"https:\/\/oak2000.com\/ca\/domingo-i-isabel-reforma-integral-avinguda-madrid-166-2014-2\/#breadcrumb"},"inLanguage":"ca","potentialAction":[{"@type":"ReadAction","target":["https:\/\/oak2000.com\/ca\/domingo-i-isabel-reforma-integral-avinguda-madrid-166-2014-2\/"]}]},{"@type":"BreadcrumbList","@id":"https:\/\/oak2000.com\/ca\/domingo-i-isabel-reforma-integral-avinguda-madrid-166-2014-2\/#breadcrumb","itemListElement":[{"@type":"ListItem","position":1,"name":"Portada","item":"https:\/\/oak2000.com\/"},{"@type":"ListItem","position":2,"name":"Domingo i Isabel. Reforma Integral Avinguda de Madrid, 166. 2014."}]},{"@type":"WebSite","@id":"https:\/\/oak2000.com\/#website","url":"https:\/\/oak2000.com\/","name":"OAK 2000","description":"","potentialAction":[{"@type":"SearchAction","target":{"@type":"EntryPoint","urlTemplate":"https:\/\/oak2000.com\/?s={search_term_string}"},"query-input":"required name=search_term_string"}],"inLanguage":"ca"},{"@type":"Person","@id":"https:\/\/oak2000.com\/#\/schema\/person\/4f481b3104486bfc65469e2fe80c54ac","name":"oak2000","image":{"@type":"ImageObject","inLanguage":"ca","@id":"https:\/\/oak2000.com\/#\/schema\/person\/image\/","url":"https:\/\/oak2000.com\/wp-content\/uploads\/2025\/02\/cropped-favicon-100x100.png","contentUrl":"https:\/\/oak2000.com\/wp-content\/uploads\/2025\/02\/cropped-favicon-100x100.png","caption":"oak2000"}}]}},"_links":{"self":[{"href":"https:\/\/oak2000.com\/ca\/wp-json\/wp\/v2\/posts\/4106"}],"collection":[{"href":"https:\/\/oak2000.com\/ca\/wp-json\/wp\/v2\/posts"}],"about":[{"href":"https:\/\/oak2000.com\/ca\/wp-json\/wp\/v2\/types\/post"}],"author":[{"embeddable":true,"href":"https:\/\/oak2000.com\/ca\/wp-json\/wp\/v2\/users\/1"}],"replies":[{"embeddable":true,"href":"https:\/\/oak2000.com\/ca\/wp-json\/wp\/v2\/comments?post=4106"}],"version-history":[{"count":0,"href":"https:\/\/oak2000.com\/ca\/wp-json\/wp\/v2\/posts\/4106\/revisions"}],"wp:featuredmedia":[{"embeddable":true,"href":"https:\/\/oak2000.com\/ca\/wp-json\/wp\/v2\/media\/9414"}],"wp:attachment":[{"href":"https:\/\/oak2000.com\/ca\/wp-json\/wp\/v2\/media?parent=4106"}],"wp:term":[{"taxonomy":"category","embeddable":true,"href":"https:\/\/oak2000.com\/ca\/wp-json\/wp\/v2\/categories?post=4106"},{"taxonomy":"post_tag","embeddable":true,"href":"https:\/\/oak2000.com\/ca\/wp-json\/wp\/v2\/tags?post=4106"}],"curies":[{"name":"wp","href":"https:\/\/api.w.org\/{rel}","templated":true}]}}