{"id":3979,"date":"2016-03-16T12:53:02","date_gmt":"2016-03-16T10:53:02","guid":{"rendered":"https:\/\/oak2000.com\/?p=3979"},"modified":"2016-03-16T12:53:02","modified_gmt":"2016-03-16T10:53:02","slug":"reforma-integral-al-barri-la-barceloneta-barcelona","status":"publish","type":"post","link":"https:\/\/oak2000.com\/ca\/reforma-integral-al-barri-la-barceloneta-barcelona\/","title":{"rendered":"Reforma Integral al barri de la Barceloneta, a Barcelona"},"content":{"rendered":"<p>A <strong><a href=\"http:\/\/www.oak2000.com\/\">Oak<\/a><\/strong> us volem mostrar un dels \u00faltims projectes de <strong>reforma integral<\/strong> que acaben d&#8217;entregar en un dels barris amb m\u00e9s car\u00e0cter de <strong>Barcelona<\/strong>.<\/p>\n<p>Una clara mostra de com extreure el m\u00e0xim profit a un pis de poca superf\u00edcie i sense aparent encant. L&#8217;objectiu d&#8217;aquest projecte ha estat recuperar l&#8217;ess\u00e8ncia d&#8217;un habitatge que, amb el pas dels anys, havia amagat molts dels seus atractius.<\/p>\n<p>Acompanyat d&#8217;un esfor\u00e7 estructural, d&#8217;un canvi de distribuci\u00f3 i d&#8217;una renovaci\u00f3 completa d&#8217;instal\u00b7lacions, hem intentat treure a la llum tots els elements que permaneixien ocults en aquest raconet de Barcelona a tocar de mar.<\/p>\n<p>Un nou projecte de la m\u00e0 de <strong><a href=\"http:\/\/a-53.com\/\">A53<\/a><\/strong>. \u00a1Com sempre, un plaer treballar amb <strong>Juliette<\/strong> i <strong>Vasiliki<\/strong>!<\/p>\n<div id=\"attachment_431\" style=\"width: 681px\" class=\"wp-caption aligncenter\"><a href=\"https:\/\/oak2000.com\/blog\/wp-content\/uploads\/2016\/03\/1.png\" rel=\"attachment wp-att-431\"><img aria-describedby=\"caption-attachment-431\" decoding=\"async\" loading=\"lazy\" class=\"wp-image-431\" src=\"https:\/\/oak2000.com\/blog\/wp-content\/uploads\/2016\/03\/1.png\" alt=\"reforma integral barcelona\" width=\"671\" height=\"447\" \/><\/a><p id=\"caption-attachment-431\" class=\"wp-caption-text\">Abans<\/p><\/div>\n<p>&nbsp;<\/p>\n<div id=\"attachment_432\" style=\"width: 671px\" class=\"wp-caption aligncenter\"><a href=\"https:\/\/oak2000.com\/blog\/wp-content\/uploads\/2016\/03\/2.png\" rel=\"attachment wp-att-432\"><img aria-describedby=\"caption-attachment-432\" decoding=\"async\" loading=\"lazy\" class=\" wp-image-432\" src=\"https:\/\/oak2000.com\/blog\/wp-content\/uploads\/2016\/03\/2.png\" alt=\"reforma integral barcelona\" width=\"661\" height=\"528\" \/><\/a><p id=\"caption-attachment-432\" class=\"wp-caption-text\">Abans<\/p><\/div>\n<p>&nbsp;<\/p>\n<div id=\"attachment_433\" style=\"width: 675px\" class=\"wp-caption aligncenter\"><a href=\"https:\/\/oak2000.com\/blog\/wp-content\/uploads\/2016\/03\/3.png\" rel=\"attachment wp-att-433\"><img aria-describedby=\"caption-attachment-433\" decoding=\"async\" loading=\"lazy\" class=\" wp-image-433\" src=\"https:\/\/oak2000.com\/blog\/wp-content\/uploads\/2016\/03\/3.png\" alt=\"reforma integral Barcelona\" width=\"665\" height=\"610\" \/><\/a><p id=\"caption-attachment-433\" class=\"wp-caption-text\">Abans<\/p><\/div>\n<p>&nbsp;<\/p>\n<div id=\"attachment_435\" style=\"width: 661px\" class=\"wp-caption aligncenter\"><a href=\"https:\/\/oak2000.com\/blog\/wp-content\/uploads\/2016\/03\/4.png\" rel=\"attachment wp-att-435\"><img aria-describedby=\"caption-attachment-435\" decoding=\"async\" loading=\"lazy\" class=\" wp-image-435\" src=\"https:\/\/oak2000.com\/blog\/wp-content\/uploads\/2016\/03\/4.png\" alt=\"reforma integral Barcelona\" width=\"651\" height=\"436\" \/><\/a><p id=\"caption-attachment-435\" class=\"wp-caption-text\">Despr\u00e9s<\/p><\/div>\n<p>&nbsp;<\/p>\n<div id=\"attachment_436\" style=\"width: 667px\" class=\"wp-caption aligncenter\"><a href=\"https:\/\/oak2000.com\/blog\/wp-content\/uploads\/2016\/03\/5.png\" rel=\"attachment wp-att-436\"><img aria-describedby=\"caption-attachment-436\" decoding=\"async\" loading=\"lazy\" class=\" wp-image-436\" src=\"https:\/\/oak2000.com\/blog\/wp-content\/uploads\/2016\/03\/5.png\" alt=\"reforma integral Barcelona\" width=\"657\" height=\"450\" \/><\/a><p id=\"caption-attachment-436\" class=\"wp-caption-text\">Despr\u00e9s<\/p><\/div>\n<p>&nbsp;<\/p>\n<div id=\"attachment_437\" style=\"width: 669px\" class=\"wp-caption aligncenter\"><a href=\"https:\/\/oak2000.com\/blog\/wp-content\/uploads\/2016\/03\/6.png\" rel=\"attachment wp-att-437\"><img aria-describedby=\"caption-attachment-437\" decoding=\"async\" loading=\"lazy\" class=\" wp-image-437\" src=\"https:\/\/oak2000.com\/blog\/wp-content\/uploads\/2016\/03\/6.png\" alt=\"reforma integral Barcelona\" width=\"659\" height=\"1062\" \/><\/a><p id=\"caption-attachment-437\" class=\"wp-caption-text\">Despr\u00e9s<\/p><\/div>\n<p>&nbsp;<\/p>\n<div id=\"attachment_438\" style=\"width: 672px\" class=\"wp-caption aligncenter\"><a href=\"https:\/\/oak2000.com\/blog\/wp-content\/uploads\/2016\/03\/7.png\" rel=\"attachment wp-att-438\"><img aria-describedby=\"caption-attachment-438\" decoding=\"async\" loading=\"lazy\" class=\" wp-image-438\" src=\"https:\/\/oak2000.com\/blog\/wp-content\/uploads\/2016\/03\/7.png\" alt=\"reforma integral Barcelona\" width=\"662\" height=\"365\" \/><\/a><p id=\"caption-attachment-438\" class=\"wp-caption-text\">Despr\u00e9s<\/p><\/div>\n<p>&nbsp;<\/p>\n<div id=\"attachment_439\" style=\"width: 658px\" class=\"wp-caption aligncenter\"><a href=\"https:\/\/oak2000.com\/blog\/wp-content\/uploads\/2016\/03\/8.png\" rel=\"attachment wp-att-439\"><img aria-describedby=\"caption-attachment-439\" decoding=\"async\" loading=\"lazy\" class=\" wp-image-439\" src=\"https:\/\/oak2000.com\/blog\/wp-content\/uploads\/2016\/03\/8.png\" alt=\"reforma integral Barcelona\" width=\"648\" height=\"594\" \/><\/a><p id=\"caption-attachment-439\" class=\"wp-caption-text\">Despr\u00e9s<\/p><\/div>\n<p>&nbsp;<\/p>\n<div id=\"attachment_440\" style=\"width: 666px\" class=\"wp-caption aligncenter\"><a href=\"https:\/\/oak2000.com\/blog\/wp-content\/uploads\/2016\/03\/9-1.png\" rel=\"attachment wp-att-440\"><img aria-describedby=\"caption-attachment-440\" decoding=\"async\" loading=\"lazy\" class=\" wp-image-440\" src=\"https:\/\/oak2000.com\/blog\/wp-content\/uploads\/2016\/03\/9-1.png\" alt=\"reforma integral Barcelona\" width=\"656\" height=\"456\" \/><\/a><p id=\"caption-attachment-440\" class=\"wp-caption-text\">Despr\u00e9s<\/p><\/div>\n<p>&nbsp;<\/p>\n<div id=\"attachment_441\" style=\"width: 670px\" class=\"wp-caption aligncenter\"><a href=\"https:\/\/oak2000.com\/blog\/wp-content\/uploads\/2016\/03\/10.png\" rel=\"attachment wp-att-441\"><img aria-describedby=\"caption-attachment-441\" decoding=\"async\" loading=\"lazy\" class=\" wp-image-441\" src=\"https:\/\/oak2000.com\/blog\/wp-content\/uploads\/2016\/03\/10.png\" alt=\"reforma integral Barcelona\" width=\"660\" height=\"437\" \/><\/a><p id=\"caption-attachment-441\" class=\"wp-caption-text\">Despr\u00e9s<\/p><\/div>\n<p>&nbsp;<\/p>\n<p style=\"text-align: center;\"><strong>#marcaunabansiundespr\u00e9s<\/strong><\/p>\n","protected":false},"excerpt":{"rendered":"<p>A Oak us volem mostrar un dels \u00faltims projectes de reforma integral que acaben d&#8217;entregar en un dels barris amb m\u00e9s car\u00e0cter de Barcelona. Una clara mostra de com extreure&#8230;<\/p>\n","protected":false},"author":1,"featured_media":9401,"comment_status":"open","ping_status":"closed","sticky":false,"template":"","format":"standard","meta":{"footnotes":""},"categories":[597],"tags":[468,506,466,480],"yoast_head":"<!-- This site is optimized with the Yoast SEO plugin v21.5 - https:\/\/yoast.com\/wordpress\/plugins\/seo\/ -->\n<title>Reforma Integral al barri de la Barceloneta, a Barcelona<\/title>\n<meta name=\"description\" content=\"Reforma integral d&#039;un pis del barri de la Barceloneta, Barcelona. No et perdis les fotos d&#039;aquesta incre\u00efble transformaci\u00f3.\" \/>\n<meta name=\"robots\" content=\"index, follow, max-snippet:-1, max-image-preview:large, max-video-preview:-1\" \/>\n<link rel=\"canonical\" href=\"https:\/\/oak2000.com\/ca\/reforma-integral-al-barri-la-barceloneta-barcelona\/\" \/>\n<meta property=\"og:locale\" content=\"ca_ES\" \/>\n<meta property=\"og:type\" content=\"article\" \/>\n<meta property=\"og:title\" content=\"Reforma Integral al barri de la Barceloneta, a Barcelona\" \/>\n<meta property=\"og:description\" content=\"Reforma integral d&#039;un pis del barri de la Barceloneta, Barcelona. No et perdis les fotos d&#039;aquesta incre\u00efble transformaci\u00f3.\" \/>\n<meta property=\"og:url\" content=\"https:\/\/oak2000.com\/ca\/reforma-integral-al-barri-la-barceloneta-barcelona\/\" \/>\n<meta property=\"og:site_name\" content=\"OAK 2000\" \/>\n<meta property=\"article:published_time\" content=\"2016-03-16T10:53:02+00:00\" \/>\n<meta property=\"og:image\" content=\"https:\/\/oak2000.com\/wp-content\/uploads\/2016\/03\/1-1.png\" \/>\n\t<meta property=\"og:image:width\" content=\"560\" \/>\n\t<meta property=\"og:image:height\" content=\"220\" \/>\n\t<meta property=\"og:image:type\" content=\"image\/png\" \/>\n<meta name=\"author\" content=\"oak2000\" \/>\n<meta name=\"twitter:card\" content=\"summary_large_image\" \/>\n<meta name=\"twitter:label1\" content=\"Escrit per\" \/>\n\t<meta name=\"twitter:data1\" content=\"oak2000\" \/>\n\t<meta name=\"twitter:label2\" content=\"Temps estimat de lectura\" \/>\n\t<meta name=\"twitter:data2\" content=\"1 minut\" \/>\n<script type=\"application\/ld+json\" class=\"yoast-schema-graph\">{\"@context\":\"https:\/\/schema.org\",\"@graph\":[{\"@type\":\"WebPage\",\"@id\":\"https:\/\/oak2000.com\/ca\/reforma-integral-al-barri-la-barceloneta-barcelona\/\",\"url\":\"https:\/\/oak2000.com\/ca\/reforma-integral-al-barri-la-barceloneta-barcelona\/\",\"name\":\"Reforma Integral al barri de la Barceloneta, a Barcelona\",\"isPartOf\":{\"@id\":\"https:\/\/oak2000.com\/#website\"},\"datePublished\":\"2016-03-16T10:53:02+00:00\",\"dateModified\":\"2016-03-16T10:53:02+00:00\",\"author\":{\"@id\":\"https:\/\/oak2000.com\/#\/schema\/person\/4f481b3104486bfc65469e2fe80c54ac\"},\"description\":\"Reforma integral d'un pis del barri de la Barceloneta, Barcelona. No et perdis les fotos d'aquesta incre\u00efble transformaci\u00f3.\",\"breadcrumb\":{\"@id\":\"https:\/\/oak2000.com\/ca\/reforma-integral-al-barri-la-barceloneta-barcelona\/#breadcrumb\"},\"inLanguage\":\"ca\",\"potentialAction\":[{\"@type\":\"ReadAction\",\"target\":[\"https:\/\/oak2000.com\/ca\/reforma-integral-al-barri-la-barceloneta-barcelona\/\"]}]},{\"@type\":\"BreadcrumbList\",\"@id\":\"https:\/\/oak2000.com\/ca\/reforma-integral-al-barri-la-barceloneta-barcelona\/#breadcrumb\",\"itemListElement\":[{\"@type\":\"ListItem\",\"position\":1,\"name\":\"Portada\",\"item\":\"https:\/\/oak2000.com\/\"},{\"@type\":\"ListItem\",\"position\":2,\"name\":\"Reforma Integral al barri de la Barceloneta, a Barcelona\"}]},{\"@type\":\"WebSite\",\"@id\":\"https:\/\/oak2000.com\/#website\",\"url\":\"https:\/\/oak2000.com\/\",\"name\":\"OAK 2000\",\"description\":\"\",\"potentialAction\":[{\"@type\":\"SearchAction\",\"target\":{\"@type\":\"EntryPoint\",\"urlTemplate\":\"https:\/\/oak2000.com\/?s={search_term_string}\"},\"query-input\":\"required name=search_term_string\"}],\"inLanguage\":\"ca\"},{\"@type\":\"Person\",\"@id\":\"https:\/\/oak2000.com\/#\/schema\/person\/4f481b3104486bfc65469e2fe80c54ac\",\"name\":\"oak2000\",\"image\":{\"@type\":\"ImageObject\",\"inLanguage\":\"ca\",\"@id\":\"https:\/\/oak2000.com\/#\/schema\/person\/image\/\",\"url\":\"https:\/\/oak2000.com\/wp-content\/uploads\/2025\/02\/cropped-favicon-100x100.png\",\"contentUrl\":\"https:\/\/oak2000.com\/wp-content\/uploads\/2025\/02\/cropped-favicon-100x100.png\",\"caption\":\"oak2000\"}}]}<\/script>\n<!-- \/ Yoast SEO plugin. -->","yoast_head_json":{"title":"Reforma Integral al barri de la Barceloneta, a Barcelona","description":"Reforma integral d'un pis del barri de la Barceloneta, Barcelona. No et perdis les fotos d'aquesta incre\u00efble transformaci\u00f3.","robots":{"index":"index","follow":"follow","max-snippet":"max-snippet:-1","max-image-preview":"max-image-preview:large","max-video-preview":"max-video-preview:-1"},"canonical":"https:\/\/oak2000.com\/ca\/reforma-integral-al-barri-la-barceloneta-barcelona\/","og_locale":"ca_ES","og_type":"article","og_title":"Reforma Integral al barri de la Barceloneta, a Barcelona","og_description":"Reforma integral d'un pis del barri de la Barceloneta, Barcelona. No et perdis les fotos d'aquesta incre\u00efble transformaci\u00f3.","og_url":"https:\/\/oak2000.com\/ca\/reforma-integral-al-barri-la-barceloneta-barcelona\/","og_site_name":"OAK 2000","article_published_time":"2016-03-16T10:53:02+00:00","og_image":[{"width":560,"height":220,"url":"https:\/\/oak2000.com\/wp-content\/uploads\/2016\/03\/1-1.png","type":"image\/png"}],"author":"oak2000","twitter_card":"summary_large_image","twitter_misc":{"Escrit per":"oak2000","Temps estimat de lectura":"1 minut"},"schema":{"@context":"https:\/\/schema.org","@graph":[{"@type":"WebPage","@id":"https:\/\/oak2000.com\/ca\/reforma-integral-al-barri-la-barceloneta-barcelona\/","url":"https:\/\/oak2000.com\/ca\/reforma-integral-al-barri-la-barceloneta-barcelona\/","name":"Reforma Integral al barri de la Barceloneta, a Barcelona","isPartOf":{"@id":"https:\/\/oak2000.com\/#website"},"datePublished":"2016-03-16T10:53:02+00:00","dateModified":"2016-03-16T10:53:02+00:00","author":{"@id":"https:\/\/oak2000.com\/#\/schema\/person\/4f481b3104486bfc65469e2fe80c54ac"},"description":"Reforma integral d'un pis del barri de la Barceloneta, Barcelona. No et perdis les fotos d'aquesta incre\u00efble transformaci\u00f3.","breadcrumb":{"@id":"https:\/\/oak2000.com\/ca\/reforma-integral-al-barri-la-barceloneta-barcelona\/#breadcrumb"},"inLanguage":"ca","potentialAction":[{"@type":"ReadAction","target":["https:\/\/oak2000.com\/ca\/reforma-integral-al-barri-la-barceloneta-barcelona\/"]}]},{"@type":"BreadcrumbList","@id":"https:\/\/oak2000.com\/ca\/reforma-integral-al-barri-la-barceloneta-barcelona\/#breadcrumb","itemListElement":[{"@type":"ListItem","position":1,"name":"Portada","item":"https:\/\/oak2000.com\/"},{"@type":"ListItem","position":2,"name":"Reforma Integral al barri de la Barceloneta, a Barcelona"}]},{"@type":"WebSite","@id":"https:\/\/oak2000.com\/#website","url":"https:\/\/oak2000.com\/","name":"OAK 2000","description":"","potentialAction":[{"@type":"SearchAction","target":{"@type":"EntryPoint","urlTemplate":"https:\/\/oak2000.com\/?s={search_term_string}"},"query-input":"required name=search_term_string"}],"inLanguage":"ca"},{"@type":"Person","@id":"https:\/\/oak2000.com\/#\/schema\/person\/4f481b3104486bfc65469e2fe80c54ac","name":"oak2000","image":{"@type":"ImageObject","inLanguage":"ca","@id":"https:\/\/oak2000.com\/#\/schema\/person\/image\/","url":"https:\/\/oak2000.com\/wp-content\/uploads\/2025\/02\/cropped-favicon-100x100.png","contentUrl":"https:\/\/oak2000.com\/wp-content\/uploads\/2025\/02\/cropped-favicon-100x100.png","caption":"oak2000"}}]}},"_links":{"self":[{"href":"https:\/\/oak2000.com\/ca\/wp-json\/wp\/v2\/posts\/3979"}],"collection":[{"href":"https:\/\/oak2000.com\/ca\/wp-json\/wp\/v2\/posts"}],"about":[{"href":"https:\/\/oak2000.com\/ca\/wp-json\/wp\/v2\/types\/post"}],"author":[{"embeddable":true,"href":"https:\/\/oak2000.com\/ca\/wp-json\/wp\/v2\/users\/1"}],"replies":[{"embeddable":true,"href":"https:\/\/oak2000.com\/ca\/wp-json\/wp\/v2\/comments?post=3979"}],"version-history":[{"count":0,"href":"https:\/\/oak2000.com\/ca\/wp-json\/wp\/v2\/posts\/3979\/revisions"}],"wp:featuredmedia":[{"embeddable":true,"href":"https:\/\/oak2000.com\/ca\/wp-json\/wp\/v2\/media\/9401"}],"wp:attachment":[{"href":"https:\/\/oak2000.com\/ca\/wp-json\/wp\/v2\/media?parent=3979"}],"wp:term":[{"taxonomy":"category","embeddable":true,"href":"https:\/\/oak2000.com\/ca\/wp-json\/wp\/v2\/categories?post=3979"},{"taxonomy":"post_tag","embeddable":true,"href":"https:\/\/oak2000.com\/ca\/wp-json\/wp\/v2\/tags?post=3979"}],"curies":[{"name":"wp","href":"https:\/\/api.w.org\/{rel}","templated":true}]}}