{"id":3921,"date":"2017-03-17T12:23:05","date_gmt":"2017-03-17T11:23:05","guid":{"rendered":"https:\/\/oak2000.com\/?p=3921"},"modified":"2020-06-22T18:22:55","modified_gmt":"2020-06-22T16:22:55","slug":"jornades-visita-la-fabrica-dica","status":"publish","type":"post","link":"https:\/\/oak2000.com\/ca\/jornades-visita-la-fabrica-dica\/","title":{"rendered":"Jornades de visita a la f\u00e0brica de Dica"},"content":{"rendered":"<p style=\"text-align: justify;\">La setmana passada, part de l&#8217;equip t\u00e8cnic d&#8217;Oak2000, construccions i rehabilitacions, vam tenir l&#8217;oportunitat de viatjar fins la Rioja de la m\u00e0 de Dica, fabricant de mobiliari de cuina, bany i llar. Pogu\u00e9rem gaudir d&#8217;unes jornades de visita a la seva f\u00e0brica i als seus nous espais d&#8217;exposici\u00f3, on ens van presentar noves propostes d&#8217;acabats. Nous colors llisos o texturitzats i nous acabats de fusta, tant rexapat natural com laminat. Acabats espectaculars per mobles de cuina, bany i armaris que estem segurs que no us deixaran indiferents.<\/p>\n<p style=\"text-align: justify;\">A m\u00e9s, ens van presentar la nova l\u00ednia de producte destinat a la llar, fant\u00e0stic mobiliari per a acabar d&#8217;equipar dormitoris, menjadors i acabats amb la fi de poder personalitzar cada projecte d&#8217;interiorisme i cada llar.<\/p>\n<p style=\"text-align: justify;\">Tamb\u00e9 vam estar amb dos dels seus partners d&#8217;electrodom\u00e8stics coneixent les seves \u00faltimes novetats. En primer lloc, el Grup Electrolux ens va mostrar cuines a un altre nivell a tota la seva gamma de productes. Coneixes la cocci\u00f3 al buit \u00abSousVide\u00bb? AEG ens d\u00f3na les eines per cuinar de la manera m\u00e9s sana, mantenint totes les propietats dels aliments i explotant tot el seu sabor. I, en segon lloc, Novy, fabrincant de campanes.<\/p>\n<p style=\"text-align: justify;\">Agrair a Dica per aquestes jornades tan productives. Us deixem algunes imatges per anar obrint boca i us esperem al nostre showroom per realitzar la reforma de la teva llar!<\/p>\n<p>&nbsp;<\/p>\n\n","protected":false},"excerpt":{"rendered":"<p>La setmana passada, part de l&#8217;equip t\u00e8cnic d&#8217;Oak2000, construccions i rehabilitacions, vam tenir l&#8217;oportunitat de viatjar fins la Rioja de la m\u00e0 de Dica, fabricant de mobiliari de cuina, bany&#8230;<\/p>\n","protected":false},"author":1,"featured_media":3913,"comment_status":"open","ping_status":"open","sticky":false,"template":"","format":"standard","meta":{"footnotes":""},"categories":[665],"tags":[480],"yoast_head":"<!-- This site is optimized with the Yoast SEO plugin v21.5 - https:\/\/yoast.com\/wordpress\/plugins\/seo\/ -->\n<title>Jornades de visita a la f\u00e0brica de Dica - OAK 2000<\/title>\n<meta name=\"description\" content=\"Nous espais d&#039;exposici\u00f3, propostes d&#039;acabats i mobiliari pels projectes d&#039;interiorisme. Dica. Fabricant de mobiliari de cuina, bany i llar.\" \/>\n<meta name=\"robots\" content=\"index, follow, max-snippet:-1, max-image-preview:large, max-video-preview:-1\" \/>\n<link rel=\"canonical\" href=\"https:\/\/oak2000.com\/ca\/jornades-visita-la-fabrica-dica\/\" \/>\n<meta property=\"og:locale\" content=\"ca_ES\" \/>\n<meta property=\"og:type\" content=\"article\" \/>\n<meta property=\"og:title\" content=\"Jornades de visita a la f\u00e0brica de Dica - OAK 2000\" \/>\n<meta property=\"og:description\" content=\"Nous espais d&#039;exposici\u00f3, propostes d&#039;acabats i mobiliari pels projectes d&#039;interiorisme. Dica. Fabricant de mobiliari de cuina, bany i llar.\" \/>\n<meta property=\"og:url\" content=\"https:\/\/oak2000.com\/ca\/jornades-visita-la-fabrica-dica\/\" \/>\n<meta property=\"og:site_name\" content=\"OAK 2000\" \/>\n<meta property=\"article:published_time\" content=\"2017-03-17T11:23:05+00:00\" \/>\n<meta property=\"article:modified_time\" content=\"2020-06-22T16:22:55+00:00\" \/>\n<meta property=\"og:image\" content=\"https:\/\/oak2000.com\/wp-content\/uploads\/2017\/03\/reforma-integral-cocina-ancha-grande-parquet-minimalista.jpg\" \/>\n\t<meta property=\"og:image:width\" content=\"1400\" \/>\n\t<meta property=\"og:image:height\" content=\"834\" \/>\n\t<meta property=\"og:image:type\" content=\"image\/jpeg\" \/>\n<meta name=\"author\" content=\"oak2000\" \/>\n<meta name=\"twitter:card\" content=\"summary_large_image\" \/>\n<meta name=\"twitter:label1\" content=\"Escrit per\" \/>\n\t<meta name=\"twitter:data1\" content=\"oak2000\" \/>\n\t<meta name=\"twitter:label2\" content=\"Temps estimat de lectura\" \/>\n\t<meta name=\"twitter:data2\" content=\"1 minut\" \/>\n<script type=\"application\/ld+json\" class=\"yoast-schema-graph\">{\"@context\":\"https:\/\/schema.org\",\"@graph\":[{\"@type\":\"WebPage\",\"@id\":\"https:\/\/oak2000.com\/ca\/jornades-visita-la-fabrica-dica\/\",\"url\":\"https:\/\/oak2000.com\/ca\/jornades-visita-la-fabrica-dica\/\",\"name\":\"Jornades de visita a la f\u00e0brica de Dica - OAK 2000\",\"isPartOf\":{\"@id\":\"https:\/\/oak2000.com\/#website\"},\"datePublished\":\"2017-03-17T11:23:05+00:00\",\"dateModified\":\"2020-06-22T16:22:55+00:00\",\"author\":{\"@id\":\"https:\/\/oak2000.com\/#\/schema\/person\/4f481b3104486bfc65469e2fe80c54ac\"},\"description\":\"Nous espais d'exposici\u00f3, propostes d'acabats i mobiliari pels projectes d'interiorisme. Dica. Fabricant de mobiliari de cuina, bany i llar.\",\"breadcrumb\":{\"@id\":\"https:\/\/oak2000.com\/ca\/jornades-visita-la-fabrica-dica\/#breadcrumb\"},\"inLanguage\":\"ca\",\"potentialAction\":[{\"@type\":\"ReadAction\",\"target\":[\"https:\/\/oak2000.com\/ca\/jornades-visita-la-fabrica-dica\/\"]}]},{\"@type\":\"BreadcrumbList\",\"@id\":\"https:\/\/oak2000.com\/ca\/jornades-visita-la-fabrica-dica\/#breadcrumb\",\"itemListElement\":[{\"@type\":\"ListItem\",\"position\":1,\"name\":\"Portada\",\"item\":\"https:\/\/oak2000.com\/ca\/\"},{\"@type\":\"ListItem\",\"position\":2,\"name\":\"Jornades de visita a la f\u00e0brica de Dica\"}]},{\"@type\":\"WebSite\",\"@id\":\"https:\/\/oak2000.com\/#website\",\"url\":\"https:\/\/oak2000.com\/\",\"name\":\"OAK 2000\",\"description\":\"\",\"potentialAction\":[{\"@type\":\"SearchAction\",\"target\":{\"@type\":\"EntryPoint\",\"urlTemplate\":\"https:\/\/oak2000.com\/?s={search_term_string}\"},\"query-input\":\"required name=search_term_string\"}],\"inLanguage\":\"ca\"},{\"@type\":\"Person\",\"@id\":\"https:\/\/oak2000.com\/#\/schema\/person\/4f481b3104486bfc65469e2fe80c54ac\",\"name\":\"oak2000\",\"image\":{\"@type\":\"ImageObject\",\"inLanguage\":\"ca\",\"@id\":\"https:\/\/oak2000.com\/#\/schema\/person\/image\/\",\"url\":\"https:\/\/oak2000.com\/wp-content\/uploads\/2025\/02\/cropped-favicon-100x100.png\",\"contentUrl\":\"https:\/\/oak2000.com\/wp-content\/uploads\/2025\/02\/cropped-favicon-100x100.png\",\"caption\":\"oak2000\"}}]}<\/script>\n<!-- \/ Yoast SEO plugin. -->","yoast_head_json":{"title":"Jornades de visita a la f\u00e0brica de Dica - OAK 2000","description":"Nous espais d'exposici\u00f3, propostes d'acabats i mobiliari pels projectes d'interiorisme. Dica. Fabricant de mobiliari de cuina, bany i llar.","robots":{"index":"index","follow":"follow","max-snippet":"max-snippet:-1","max-image-preview":"max-image-preview:large","max-video-preview":"max-video-preview:-1"},"canonical":"https:\/\/oak2000.com\/ca\/jornades-visita-la-fabrica-dica\/","og_locale":"ca_ES","og_type":"article","og_title":"Jornades de visita a la f\u00e0brica de Dica - OAK 2000","og_description":"Nous espais d'exposici\u00f3, propostes d'acabats i mobiliari pels projectes d'interiorisme. Dica. Fabricant de mobiliari de cuina, bany i llar.","og_url":"https:\/\/oak2000.com\/ca\/jornades-visita-la-fabrica-dica\/","og_site_name":"OAK 2000","article_published_time":"2017-03-17T11:23:05+00:00","article_modified_time":"2020-06-22T16:22:55+00:00","og_image":[{"width":1400,"height":834,"url":"https:\/\/oak2000.com\/wp-content\/uploads\/2017\/03\/reforma-integral-cocina-ancha-grande-parquet-minimalista.jpg","type":"image\/jpeg"}],"author":"oak2000","twitter_card":"summary_large_image","twitter_misc":{"Escrit per":"oak2000","Temps estimat de lectura":"1 minut"},"schema":{"@context":"https:\/\/schema.org","@graph":[{"@type":"WebPage","@id":"https:\/\/oak2000.com\/ca\/jornades-visita-la-fabrica-dica\/","url":"https:\/\/oak2000.com\/ca\/jornades-visita-la-fabrica-dica\/","name":"Jornades de visita a la f\u00e0brica de Dica - OAK 2000","isPartOf":{"@id":"https:\/\/oak2000.com\/#website"},"datePublished":"2017-03-17T11:23:05+00:00","dateModified":"2020-06-22T16:22:55+00:00","author":{"@id":"https:\/\/oak2000.com\/#\/schema\/person\/4f481b3104486bfc65469e2fe80c54ac"},"description":"Nous espais d'exposici\u00f3, propostes d'acabats i mobiliari pels projectes d'interiorisme. Dica. Fabricant de mobiliari de cuina, bany i llar.","breadcrumb":{"@id":"https:\/\/oak2000.com\/ca\/jornades-visita-la-fabrica-dica\/#breadcrumb"},"inLanguage":"ca","potentialAction":[{"@type":"ReadAction","target":["https:\/\/oak2000.com\/ca\/jornades-visita-la-fabrica-dica\/"]}]},{"@type":"BreadcrumbList","@id":"https:\/\/oak2000.com\/ca\/jornades-visita-la-fabrica-dica\/#breadcrumb","itemListElement":[{"@type":"ListItem","position":1,"name":"Portada","item":"https:\/\/oak2000.com\/ca\/"},{"@type":"ListItem","position":2,"name":"Jornades de visita a la f\u00e0brica de Dica"}]},{"@type":"WebSite","@id":"https:\/\/oak2000.com\/#website","url":"https:\/\/oak2000.com\/","name":"OAK 2000","description":"","potentialAction":[{"@type":"SearchAction","target":{"@type":"EntryPoint","urlTemplate":"https:\/\/oak2000.com\/?s={search_term_string}"},"query-input":"required name=search_term_string"}],"inLanguage":"ca"},{"@type":"Person","@id":"https:\/\/oak2000.com\/#\/schema\/person\/4f481b3104486bfc65469e2fe80c54ac","name":"oak2000","image":{"@type":"ImageObject","inLanguage":"ca","@id":"https:\/\/oak2000.com\/#\/schema\/person\/image\/","url":"https:\/\/oak2000.com\/wp-content\/uploads\/2025\/02\/cropped-favicon-100x100.png","contentUrl":"https:\/\/oak2000.com\/wp-content\/uploads\/2025\/02\/cropped-favicon-100x100.png","caption":"oak2000"}}]}},"_links":{"self":[{"href":"https:\/\/oak2000.com\/ca\/wp-json\/wp\/v2\/posts\/3921"}],"collection":[{"href":"https:\/\/oak2000.com\/ca\/wp-json\/wp\/v2\/posts"}],"about":[{"href":"https:\/\/oak2000.com\/ca\/wp-json\/wp\/v2\/types\/post"}],"author":[{"embeddable":true,"href":"https:\/\/oak2000.com\/ca\/wp-json\/wp\/v2\/users\/1"}],"replies":[{"embeddable":true,"href":"https:\/\/oak2000.com\/ca\/wp-json\/wp\/v2\/comments?post=3921"}],"version-history":[{"count":1,"href":"https:\/\/oak2000.com\/ca\/wp-json\/wp\/v2\/posts\/3921\/revisions"}],"predecessor-version":[{"id":12455,"href":"https:\/\/oak2000.com\/ca\/wp-json\/wp\/v2\/posts\/3921\/revisions\/12455"}],"wp:featuredmedia":[{"embeddable":true,"href":"https:\/\/oak2000.com\/ca\/wp-json\/wp\/v2\/media\/3913"}],"wp:attachment":[{"href":"https:\/\/oak2000.com\/ca\/wp-json\/wp\/v2\/media?parent=3921"}],"wp:term":[{"taxonomy":"category","embeddable":true,"href":"https:\/\/oak2000.com\/ca\/wp-json\/wp\/v2\/categories?post=3921"},{"taxonomy":"post_tag","embeddable":true,"href":"https:\/\/oak2000.com\/ca\/wp-json\/wp\/v2\/tags?post=3921"}],"curies":[{"name":"wp","href":"https:\/\/api.w.org\/{rel}","templated":true}]}}