{"id":3387,"date":"2016-12-27T16:02:41","date_gmt":"2016-12-27T15:02:41","guid":{"rendered":"https:\/\/oak2000.com\/?p=3387"},"modified":"2020-06-22T18:23:11","modified_gmt":"2020-06-22T16:23:11","slug":"projecte-reforma-interior-dun-atic-20m2-al-raval-barcelona","status":"publish","type":"post","link":"https:\/\/oak2000.com\/ca\/projecte-reforma-interior-dun-atic-20m2-al-raval-barcelona\/","title":{"rendered":"Projecte de reforma interior d&#8217;un \u00e0tic de 20m2 al Raval- Barcelona (Arquitecta: Lola Dom\u00e8nech)"},"content":{"rendered":"\n<p>La seg\u00fcent\u00a0reforma integral a Barcelona,\u00a0<em>\u201cEs tracta de la transformaci\u00f3 d&#8217;un antic dip\u00f2sit d&#8217;aig\u00fces situat a la coberta d&#8217;un edifici d&#8217;habitatges que es transformar\u00e0 en un petit apartament on tot el programa funcional queda integrat i replegat en el per\u00edmetre de l&#8217;espai. Els elements de mobiliari que es pleguen, obren i tanquen per acollir les necessitats de l&#8217;usuari, un llit que es plega, una taula que s&#8217;obre i es tanca, una cuina amagada darrera un panelat m\u00f2vil i plegable i un bany que s&#8217;amaga i s&#8217;integra darrera un tancament de fusta. El pressupost per la\u00a0reforma integral\u00a0de partida \u00e9s m\u00ednim i per tant es requereix una intervenci\u00f3 amb materials molt b\u00e0sics i sense massa pretensions. Es per aix\u00f2 que el\u00a0projecte de reforma interior\u00a0es resol amb materials de tota la vida a casa nostra: la rasilla cer\u00e0mica vermella i la fusta de pi. El mateix paviment de rasilla cer\u00e0mica interior s\u2019est\u00e9n a l&#8217;exterior garantint aix\u00ed una continu\u00eftat de materials entre dins i fora\u201d.\u00a0<\/em><\/p>\n<p>Aquest \u00e9s el plantejament de\u00a0reforma de vivienda\u00a0que projecta Lola Dom\u00e8nech, arquitecte. Des de OAK2000,\u00a0constructora a Barcelona, volem destacar l\u2019enginy d\u2019aquesta\u00a0reforma integral\u00a0de dimensions petits, l\u2019encert en la tria\u00a0de\u00a0materials sobris i ingeniosos per potenciar la seva lluminositat i sensaci\u00f3 d\u2019amplitud. Un espai funcional i transformable on destaquen les portes corredisses alhora que desplegables de separaci\u00f3 entre la zona d\u2019estar i dormir i les zones humides, ja que s\u2019ha realitzat la\u00a0reforma de la cuina\u00a0i lareforma del bany\u00a0per complet.<\/p>\n<pre id=\"tw-target-text\" class=\"tw-data-text tw-ta tw-text-medium\" dir=\"ltr\" data-placeholder=\"Traducci\u00f3\" data-fulltext=\"\"><\/pre>\n<p>Tamb\u00e9 disposeu del projecte de la reforma a\u00a0<a href=\"https:\/\/oak2000.com\/ca\/project\/reforma-integral-poble-sec-2\/\">https:\/\/oak2000.com\/ca\/project\/reforma-integral-poble-sec-2\/<\/a><\/p>\n<p>&nbsp;<\/p>\n\n\n","protected":false},"excerpt":{"rendered":"<p>La seg\u00fcent\u00a0reforma integral a Barcelona,\u00a0\u201cEs tracta de la transformaci\u00f3 d&#8217;un antic dip\u00f2sit d&#8217;aig\u00fces situat a la coberta d&#8217;un edifici d&#8217;habitatges que es transformar\u00e0 en un petit apartament on tot el&#8230;<\/p>\n","protected":false},"author":1,"featured_media":3347,"comment_status":"open","ping_status":"open","sticky":false,"template":"","format":"standard","meta":{"footnotes":""},"categories":[463],"tags":[468,473,474,475,476,477],"yoast_head":"<!-- This site is optimized with the Yoast SEO plugin v21.5 - https:\/\/yoast.com\/wordpress\/plugins\/seo\/ -->\n<title>Reforma integral d&#039;un \u00e0tic de 20m2 al Raval, Barcelona<\/title>\n<meta name=\"description\" content=\"Reforma integral d&#039;un \u00e0tic de pocs metres quadrats a Barcelona. Espai funcional i transformable. Major lluminositat i sensaci\u00f3 d&#039; amplitud.\" \/>\n<meta name=\"robots\" content=\"index, follow, max-snippet:-1, max-image-preview:large, max-video-preview:-1\" \/>\n<link rel=\"canonical\" href=\"https:\/\/oak2000.com\/ca\/project\/reforma-integral-poble-sec-ca\/\" \/>\n<meta property=\"og:locale\" content=\"ca_ES\" \/>\n<meta property=\"og:type\" content=\"article\" \/>\n<meta property=\"og:title\" content=\"Reforma integral d&#039;un \u00e0tic de 20m2 al Raval, Barcelona\" \/>\n<meta property=\"og:description\" content=\"Reforma integral d&#039;un \u00e0tic de pocs metres quadrats a Barcelona. Espai funcional i transformable. Major lluminositat i sensaci\u00f3 d&#039; amplitud.\" \/>\n<meta property=\"og:url\" content=\"https:\/\/oak2000.com\/ca\/project\/reforma-integral-poble-sec-ca\/\" \/>\n<meta property=\"og:site_name\" content=\"OAK 2000\" \/>\n<meta property=\"article:published_time\" content=\"2016-12-27T15:02:41+00:00\" \/>\n<meta property=\"article:modified_time\" content=\"2020-06-22T16:23:11+00:00\" \/>\n<meta property=\"og:image\" content=\"https:\/\/oak2000.com\/wp-content\/uploads\/2016\/12\/reforma-piso-pequeno-1.jpg\" \/>\n\t<meta property=\"og:image:width\" content=\"750\" \/>\n\t<meta property=\"og:image:height\" content=\"400\" \/>\n\t<meta property=\"og:image:type\" content=\"image\/jpeg\" \/>\n<meta name=\"author\" content=\"oak2000\" \/>\n<meta name=\"twitter:card\" content=\"summary_large_image\" \/>\n<meta name=\"twitter:label1\" content=\"Escrit per\" \/>\n\t<meta name=\"twitter:data1\" content=\"oak2000\" \/>\n\t<meta name=\"twitter:label2\" content=\"Temps estimat de lectura\" \/>\n\t<meta name=\"twitter:data2\" content=\"2 minuts\" \/>\n<script type=\"application\/ld+json\" class=\"yoast-schema-graph\">{\"@context\":\"https:\/\/schema.org\",\"@graph\":[{\"@type\":\"WebPage\",\"@id\":\"https:\/\/oak2000.com\/ca\/projecte-reforma-interior-dun-atic-20m2-al-raval-barcelona\/\",\"url\":\"https:\/\/oak2000.com\/ca\/project\/reforma-integral-poble-sec-ca\/\",\"name\":\"Reforma integral d'un \u00e0tic de 20m2 al Raval, Barcelona\",\"isPartOf\":{\"@id\":\"https:\/\/oak2000.com\/#website\"},\"datePublished\":\"2016-12-27T15:02:41+00:00\",\"dateModified\":\"2020-06-22T16:23:11+00:00\",\"author\":{\"@id\":\"https:\/\/oak2000.com\/#\/schema\/person\/4f481b3104486bfc65469e2fe80c54ac\"},\"description\":\"Reforma integral d'un \u00e0tic de pocs metres quadrats a Barcelona. Espai funcional i transformable. Major lluminositat i sensaci\u00f3 d' amplitud.\",\"breadcrumb\":{\"@id\":\"https:\/\/oak2000.com\/ca\/project\/reforma-integral-poble-sec-ca\/#breadcrumb\"},\"inLanguage\":\"ca\",\"potentialAction\":[{\"@type\":\"ReadAction\",\"target\":[\"https:\/\/oak2000.com\/ca\/project\/reforma-integral-poble-sec-ca\/\"]}]},{\"@type\":\"BreadcrumbList\",\"@id\":\"https:\/\/oak2000.com\/ca\/project\/reforma-integral-poble-sec-ca\/#breadcrumb\",\"itemListElement\":[{\"@type\":\"ListItem\",\"position\":1,\"name\":\"Portada\",\"item\":\"https:\/\/oak2000.com\/\"},{\"@type\":\"ListItem\",\"position\":2,\"name\":\"Projecte de reforma interior d&#8217;un \u00e0tic de 20m2 al Raval- Barcelona (Arquitecta: Lola Dom\u00e8nech)\"}]},{\"@type\":\"WebSite\",\"@id\":\"https:\/\/oak2000.com\/#website\",\"url\":\"https:\/\/oak2000.com\/\",\"name\":\"OAK 2000\",\"description\":\"\",\"potentialAction\":[{\"@type\":\"SearchAction\",\"target\":{\"@type\":\"EntryPoint\",\"urlTemplate\":\"https:\/\/oak2000.com\/?s={search_term_string}\"},\"query-input\":\"required name=search_term_string\"}],\"inLanguage\":\"ca\"},{\"@type\":\"Person\",\"@id\":\"https:\/\/oak2000.com\/#\/schema\/person\/4f481b3104486bfc65469e2fe80c54ac\",\"name\":\"oak2000\",\"image\":{\"@type\":\"ImageObject\",\"inLanguage\":\"ca\",\"@id\":\"https:\/\/oak2000.com\/#\/schema\/person\/image\/\",\"url\":\"https:\/\/oak2000.com\/wp-content\/uploads\/2025\/02\/cropped-favicon-100x100.png\",\"contentUrl\":\"https:\/\/oak2000.com\/wp-content\/uploads\/2025\/02\/cropped-favicon-100x100.png\",\"caption\":\"oak2000\"}}]}<\/script>\n<!-- \/ Yoast SEO plugin. -->","yoast_head_json":{"title":"Reforma integral d'un \u00e0tic de 20m2 al Raval, Barcelona","description":"Reforma integral d'un \u00e0tic de pocs metres quadrats a Barcelona. Espai funcional i transformable. Major lluminositat i sensaci\u00f3 d' amplitud.","robots":{"index":"index","follow":"follow","max-snippet":"max-snippet:-1","max-image-preview":"max-image-preview:large","max-video-preview":"max-video-preview:-1"},"canonical":"https:\/\/oak2000.com\/ca\/project\/reforma-integral-poble-sec-ca\/","og_locale":"ca_ES","og_type":"article","og_title":"Reforma integral d'un \u00e0tic de 20m2 al Raval, Barcelona","og_description":"Reforma integral d'un \u00e0tic de pocs metres quadrats a Barcelona. Espai funcional i transformable. Major lluminositat i sensaci\u00f3 d' amplitud.","og_url":"https:\/\/oak2000.com\/ca\/project\/reforma-integral-poble-sec-ca\/","og_site_name":"OAK 2000","article_published_time":"2016-12-27T15:02:41+00:00","article_modified_time":"2020-06-22T16:23:11+00:00","og_image":[{"width":750,"height":400,"url":"https:\/\/oak2000.com\/wp-content\/uploads\/2016\/12\/reforma-piso-pequeno-1.jpg","type":"image\/jpeg"}],"author":"oak2000","twitter_card":"summary_large_image","twitter_misc":{"Escrit per":"oak2000","Temps estimat de lectura":"2 minuts"},"schema":{"@context":"https:\/\/schema.org","@graph":[{"@type":"WebPage","@id":"https:\/\/oak2000.com\/ca\/projecte-reforma-interior-dun-atic-20m2-al-raval-barcelona\/","url":"https:\/\/oak2000.com\/ca\/project\/reforma-integral-poble-sec-ca\/","name":"Reforma integral d'un \u00e0tic de 20m2 al Raval, Barcelona","isPartOf":{"@id":"https:\/\/oak2000.com\/#website"},"datePublished":"2016-12-27T15:02:41+00:00","dateModified":"2020-06-22T16:23:11+00:00","author":{"@id":"https:\/\/oak2000.com\/#\/schema\/person\/4f481b3104486bfc65469e2fe80c54ac"},"description":"Reforma integral d'un \u00e0tic de pocs metres quadrats a Barcelona. Espai funcional i transformable. Major lluminositat i sensaci\u00f3 d' amplitud.","breadcrumb":{"@id":"https:\/\/oak2000.com\/ca\/project\/reforma-integral-poble-sec-ca\/#breadcrumb"},"inLanguage":"ca","potentialAction":[{"@type":"ReadAction","target":["https:\/\/oak2000.com\/ca\/project\/reforma-integral-poble-sec-ca\/"]}]},{"@type":"BreadcrumbList","@id":"https:\/\/oak2000.com\/ca\/project\/reforma-integral-poble-sec-ca\/#breadcrumb","itemListElement":[{"@type":"ListItem","position":1,"name":"Portada","item":"https:\/\/oak2000.com\/"},{"@type":"ListItem","position":2,"name":"Projecte de reforma interior d&#8217;un \u00e0tic de 20m2 al Raval- Barcelona (Arquitecta: Lola Dom\u00e8nech)"}]},{"@type":"WebSite","@id":"https:\/\/oak2000.com\/#website","url":"https:\/\/oak2000.com\/","name":"OAK 2000","description":"","potentialAction":[{"@type":"SearchAction","target":{"@type":"EntryPoint","urlTemplate":"https:\/\/oak2000.com\/?s={search_term_string}"},"query-input":"required name=search_term_string"}],"inLanguage":"ca"},{"@type":"Person","@id":"https:\/\/oak2000.com\/#\/schema\/person\/4f481b3104486bfc65469e2fe80c54ac","name":"oak2000","image":{"@type":"ImageObject","inLanguage":"ca","@id":"https:\/\/oak2000.com\/#\/schema\/person\/image\/","url":"https:\/\/oak2000.com\/wp-content\/uploads\/2025\/02\/cropped-favicon-100x100.png","contentUrl":"https:\/\/oak2000.com\/wp-content\/uploads\/2025\/02\/cropped-favicon-100x100.png","caption":"oak2000"}}]}},"_links":{"self":[{"href":"https:\/\/oak2000.com\/ca\/wp-json\/wp\/v2\/posts\/3387"}],"collection":[{"href":"https:\/\/oak2000.com\/ca\/wp-json\/wp\/v2\/posts"}],"about":[{"href":"https:\/\/oak2000.com\/ca\/wp-json\/wp\/v2\/types\/post"}],"author":[{"embeddable":true,"href":"https:\/\/oak2000.com\/ca\/wp-json\/wp\/v2\/users\/1"}],"replies":[{"embeddable":true,"href":"https:\/\/oak2000.com\/ca\/wp-json\/wp\/v2\/comments?post=3387"}],"version-history":[{"count":1,"href":"https:\/\/oak2000.com\/ca\/wp-json\/wp\/v2\/posts\/3387\/revisions"}],"predecessor-version":[{"id":12457,"href":"https:\/\/oak2000.com\/ca\/wp-json\/wp\/v2\/posts\/3387\/revisions\/12457"}],"wp:featuredmedia":[{"embeddable":true,"href":"https:\/\/oak2000.com\/ca\/wp-json\/wp\/v2\/media\/3347"}],"wp:attachment":[{"href":"https:\/\/oak2000.com\/ca\/wp-json\/wp\/v2\/media?parent=3387"}],"wp:term":[{"taxonomy":"category","embeddable":true,"href":"https:\/\/oak2000.com\/ca\/wp-json\/wp\/v2\/categories?post=3387"},{"taxonomy":"post_tag","embeddable":true,"href":"https:\/\/oak2000.com\/ca\/wp-json\/wp\/v2\/tags?post=3387"}],"curies":[{"name":"wp","href":"https:\/\/api.w.org\/{rel}","templated":true}]}}