{"id":2994,"date":"2016-09-28T13:57:20","date_gmt":"2016-09-28T11:57:20","guid":{"rendered":"https:\/\/oak2000.com\/?p=2994"},"modified":"2020-05-22T11:54:49","modified_gmt":"2020-05-22T09:54:49","slug":"marc-i-maria-reforma-integral-al-carrer-sardenya-barcelona","status":"publish","type":"post","link":"https:\/\/oak2000.com\/ca\/marc-i-maria-reforma-integral-al-carrer-sardenya-barcelona\/","title":{"rendered":"Marc i Maria. Reforma integral al carrer Sardenya de Barcelona"},"content":{"rendered":"<p>\u201cNosaltres aportem unes idees, on despr\u00e9s vosaltres agafeu aquestes idees i les transformeu en unes altres opcions que ens agraden encara m\u00e9s que el que hav\u00edem pensat\u201d.<\/p>\n<p>\u201c\u00c9s el pis que voliem, \u00e9s molt nostre, l\u2019heu personalitzat  Incl\u00fas en alguns aspectes ha superat l\u2019expectativa\u201d.<\/p>\n<p>\u201cEcon\u00f2micament ens esper\u00e0vem molt m\u00e9s, per la qualitat de com ha quedat no ens esper\u00e0vem aquest preu i aix\u00f2 \u00e9s molt d\u2019agra\u00efr, perqu\u00e8 nosaltres ten\u00edem aquest pressupost i ho heu ajustat tot al m\u00e0xim\u201d.<\/p>\n<p>\u201cUna cosa molt bona \u00e9s que s\u2019han respectat els temps, aix\u00f2 s\u00ed que \u00e9s molt d\u2019agra\u00efr&#8221;.<\/p>\n","protected":false},"excerpt":{"rendered":"<p>\u201cNosaltres aportem unes idees, on despr\u00e9s vosaltres agafeu aquestes idees i les transformeu en unes altres opcions que ens agraden encara m\u00e9s que el que hav\u00edem pensat\u201d. \u201c\u00c9s el pis&#8230;<\/p>\n","protected":false},"author":1,"featured_media":12338,"comment_status":"open","ping_status":"open","sticky":false,"template":"","format":"standard","meta":{"footnotes":""},"categories":[597],"tags":[478],"yoast_head":"<!-- This site is optimized with the Yoast SEO plugin v21.5 - https:\/\/yoast.com\/wordpress\/plugins\/seo\/ -->\n<title>Marc i Maria. Reforma integral al carrer Sardenya de Barcelona - OAK 2000<\/title>\n<meta name=\"description\" content=\"Els nostres clients, Marc i Maria, ens recomanen: reforma personalitzada amb acabats de qualitat a un preu ajustat i respectant els terminis.\" \/>\n<meta name=\"robots\" content=\"index, follow, max-snippet:-1, max-image-preview:large, max-video-preview:-1\" \/>\n<link rel=\"canonical\" href=\"https:\/\/oak2000.com\/ca\/marc-i-maria-reforma-integral-al-carrer-sardenya-barcelona\/\" \/>\n<meta property=\"og:locale\" content=\"ca_ES\" \/>\n<meta property=\"og:type\" content=\"article\" \/>\n<meta property=\"og:title\" content=\"Marc i Maria. Reforma integral al carrer Sardenya de Barcelona - OAK 2000\" \/>\n<meta property=\"og:description\" content=\"Els nostres clients, Marc i Maria, ens recomanen: reforma personalitzada amb acabats de qualitat a un preu ajustat i respectant els terminis.\" \/>\n<meta property=\"og:url\" content=\"https:\/\/oak2000.com\/ca\/marc-i-maria-reforma-integral-al-carrer-sardenya-barcelona\/\" \/>\n<meta property=\"og:site_name\" content=\"OAK 2000\" \/>\n<meta property=\"article:published_time\" content=\"2016-09-28T11:57:20+00:00\" \/>\n<meta property=\"article:modified_time\" content=\"2020-05-22T09:54:49+00:00\" \/>\n<meta property=\"og:image\" content=\"https:\/\/oak2000.com\/wp-content\/uploads\/2016\/09\/2-5-1080x675-1.jpg\" \/>\n\t<meta property=\"og:image:width\" content=\"1080\" \/>\n\t<meta property=\"og:image:height\" content=\"675\" \/>\n\t<meta property=\"og:image:type\" content=\"image\/jpeg\" \/>\n<meta name=\"author\" content=\"oak2000\" \/>\n<meta name=\"twitter:card\" content=\"summary_large_image\" \/>\n<meta name=\"twitter:label1\" content=\"Escrit per\" \/>\n\t<meta name=\"twitter:data1\" content=\"oak2000\" \/>\n\t<meta name=\"twitter:label2\" content=\"Temps estimat de lectura\" \/>\n\t<meta name=\"twitter:data2\" content=\"1 minut\" \/>\n<script type=\"application\/ld+json\" class=\"yoast-schema-graph\">{\"@context\":\"https:\/\/schema.org\",\"@graph\":[{\"@type\":\"WebPage\",\"@id\":\"https:\/\/oak2000.com\/ca\/marc-i-maria-reforma-integral-al-carrer-sardenya-barcelona\/\",\"url\":\"https:\/\/oak2000.com\/ca\/marc-i-maria-reforma-integral-al-carrer-sardenya-barcelona\/\",\"name\":\"Marc i Maria. Reforma integral al carrer Sardenya de Barcelona - OAK 2000\",\"isPartOf\":{\"@id\":\"https:\/\/oak2000.com\/#website\"},\"datePublished\":\"2016-09-28T11:57:20+00:00\",\"dateModified\":\"2020-05-22T09:54:49+00:00\",\"author\":{\"@id\":\"https:\/\/oak2000.com\/#\/schema\/person\/4f481b3104486bfc65469e2fe80c54ac\"},\"description\":\"Els nostres clients, Marc i Maria, ens recomanen: reforma personalitzada amb acabats de qualitat a un preu ajustat i respectant els terminis.\",\"breadcrumb\":{\"@id\":\"https:\/\/oak2000.com\/ca\/marc-i-maria-reforma-integral-al-carrer-sardenya-barcelona\/#breadcrumb\"},\"inLanguage\":\"ca\",\"potentialAction\":[{\"@type\":\"ReadAction\",\"target\":[\"https:\/\/oak2000.com\/ca\/marc-i-maria-reforma-integral-al-carrer-sardenya-barcelona\/\"]}]},{\"@type\":\"BreadcrumbList\",\"@id\":\"https:\/\/oak2000.com\/ca\/marc-i-maria-reforma-integral-al-carrer-sardenya-barcelona\/#breadcrumb\",\"itemListElement\":[{\"@type\":\"ListItem\",\"position\":1,\"name\":\"Portada\",\"item\":\"https:\/\/oak2000.com\/\"},{\"@type\":\"ListItem\",\"position\":2,\"name\":\"Marc i Maria. Reforma integral al carrer Sardenya de Barcelona\"}]},{\"@type\":\"WebSite\",\"@id\":\"https:\/\/oak2000.com\/#website\",\"url\":\"https:\/\/oak2000.com\/\",\"name\":\"OAK 2000\",\"description\":\"\",\"potentialAction\":[{\"@type\":\"SearchAction\",\"target\":{\"@type\":\"EntryPoint\",\"urlTemplate\":\"https:\/\/oak2000.com\/?s={search_term_string}\"},\"query-input\":\"required name=search_term_string\"}],\"inLanguage\":\"ca\"},{\"@type\":\"Person\",\"@id\":\"https:\/\/oak2000.com\/#\/schema\/person\/4f481b3104486bfc65469e2fe80c54ac\",\"name\":\"oak2000\",\"image\":{\"@type\":\"ImageObject\",\"inLanguage\":\"ca\",\"@id\":\"https:\/\/oak2000.com\/#\/schema\/person\/image\/\",\"url\":\"https:\/\/oak2000.com\/wp-content\/uploads\/2025\/02\/cropped-favicon-100x100.png\",\"contentUrl\":\"https:\/\/oak2000.com\/wp-content\/uploads\/2025\/02\/cropped-favicon-100x100.png\",\"caption\":\"oak2000\"}}]}<\/script>\n<!-- \/ Yoast SEO plugin. -->","yoast_head_json":{"title":"Marc i Maria. Reforma integral al carrer Sardenya de Barcelona - OAK 2000","description":"Els nostres clients, Marc i Maria, ens recomanen: reforma personalitzada amb acabats de qualitat a un preu ajustat i respectant els terminis.","robots":{"index":"index","follow":"follow","max-snippet":"max-snippet:-1","max-image-preview":"max-image-preview:large","max-video-preview":"max-video-preview:-1"},"canonical":"https:\/\/oak2000.com\/ca\/marc-i-maria-reforma-integral-al-carrer-sardenya-barcelona\/","og_locale":"ca_ES","og_type":"article","og_title":"Marc i Maria. Reforma integral al carrer Sardenya de Barcelona - OAK 2000","og_description":"Els nostres clients, Marc i Maria, ens recomanen: reforma personalitzada amb acabats de qualitat a un preu ajustat i respectant els terminis.","og_url":"https:\/\/oak2000.com\/ca\/marc-i-maria-reforma-integral-al-carrer-sardenya-barcelona\/","og_site_name":"OAK 2000","article_published_time":"2016-09-28T11:57:20+00:00","article_modified_time":"2020-05-22T09:54:49+00:00","og_image":[{"width":1080,"height":675,"url":"https:\/\/oak2000.com\/wp-content\/uploads\/2016\/09\/2-5-1080x675-1.jpg","type":"image\/jpeg"}],"author":"oak2000","twitter_card":"summary_large_image","twitter_misc":{"Escrit per":"oak2000","Temps estimat de lectura":"1 minut"},"schema":{"@context":"https:\/\/schema.org","@graph":[{"@type":"WebPage","@id":"https:\/\/oak2000.com\/ca\/marc-i-maria-reforma-integral-al-carrer-sardenya-barcelona\/","url":"https:\/\/oak2000.com\/ca\/marc-i-maria-reforma-integral-al-carrer-sardenya-barcelona\/","name":"Marc i Maria. Reforma integral al carrer Sardenya de Barcelona - OAK 2000","isPartOf":{"@id":"https:\/\/oak2000.com\/#website"},"datePublished":"2016-09-28T11:57:20+00:00","dateModified":"2020-05-22T09:54:49+00:00","author":{"@id":"https:\/\/oak2000.com\/#\/schema\/person\/4f481b3104486bfc65469e2fe80c54ac"},"description":"Els nostres clients, Marc i Maria, ens recomanen: reforma personalitzada amb acabats de qualitat a un preu ajustat i respectant els terminis.","breadcrumb":{"@id":"https:\/\/oak2000.com\/ca\/marc-i-maria-reforma-integral-al-carrer-sardenya-barcelona\/#breadcrumb"},"inLanguage":"ca","potentialAction":[{"@type":"ReadAction","target":["https:\/\/oak2000.com\/ca\/marc-i-maria-reforma-integral-al-carrer-sardenya-barcelona\/"]}]},{"@type":"BreadcrumbList","@id":"https:\/\/oak2000.com\/ca\/marc-i-maria-reforma-integral-al-carrer-sardenya-barcelona\/#breadcrumb","itemListElement":[{"@type":"ListItem","position":1,"name":"Portada","item":"https:\/\/oak2000.com\/"},{"@type":"ListItem","position":2,"name":"Marc i Maria. Reforma integral al carrer Sardenya de Barcelona"}]},{"@type":"WebSite","@id":"https:\/\/oak2000.com\/#website","url":"https:\/\/oak2000.com\/","name":"OAK 2000","description":"","potentialAction":[{"@type":"SearchAction","target":{"@type":"EntryPoint","urlTemplate":"https:\/\/oak2000.com\/?s={search_term_string}"},"query-input":"required name=search_term_string"}],"inLanguage":"ca"},{"@type":"Person","@id":"https:\/\/oak2000.com\/#\/schema\/person\/4f481b3104486bfc65469e2fe80c54ac","name":"oak2000","image":{"@type":"ImageObject","inLanguage":"ca","@id":"https:\/\/oak2000.com\/#\/schema\/person\/image\/","url":"https:\/\/oak2000.com\/wp-content\/uploads\/2025\/02\/cropped-favicon-100x100.png","contentUrl":"https:\/\/oak2000.com\/wp-content\/uploads\/2025\/02\/cropped-favicon-100x100.png","caption":"oak2000"}}]}},"_links":{"self":[{"href":"https:\/\/oak2000.com\/ca\/wp-json\/wp\/v2\/posts\/2994"}],"collection":[{"href":"https:\/\/oak2000.com\/ca\/wp-json\/wp\/v2\/posts"}],"about":[{"href":"https:\/\/oak2000.com\/ca\/wp-json\/wp\/v2\/types\/post"}],"author":[{"embeddable":true,"href":"https:\/\/oak2000.com\/ca\/wp-json\/wp\/v2\/users\/1"}],"replies":[{"embeddable":true,"href":"https:\/\/oak2000.com\/ca\/wp-json\/wp\/v2\/comments?post=2994"}],"version-history":[{"count":1,"href":"https:\/\/oak2000.com\/ca\/wp-json\/wp\/v2\/posts\/2994\/revisions"}],"predecessor-version":[{"id":12340,"href":"https:\/\/oak2000.com\/ca\/wp-json\/wp\/v2\/posts\/2994\/revisions\/12340"}],"wp:featuredmedia":[{"embeddable":true,"href":"https:\/\/oak2000.com\/ca\/wp-json\/wp\/v2\/media\/12338"}],"wp:attachment":[{"href":"https:\/\/oak2000.com\/ca\/wp-json\/wp\/v2\/media?parent=2994"}],"wp:term":[{"taxonomy":"category","embeddable":true,"href":"https:\/\/oak2000.com\/ca\/wp-json\/wp\/v2\/categories?post=2994"},{"taxonomy":"post_tag","embeddable":true,"href":"https:\/\/oak2000.com\/ca\/wp-json\/wp\/v2\/tags?post=2994"}],"curies":[{"name":"wp","href":"https:\/\/api.w.org\/{rel}","templated":true}]}}