{"id":17695,"date":"2023-07-03T14:02:48","date_gmt":"2023-07-03T12:02:48","guid":{"rendered":"https:\/\/oak2000.com\/?p=17695"},"modified":"2023-06-27T14:11:38","modified_gmt":"2023-06-27T12:11:38","slug":"salo-destil-nordic-claus-per-a-decorar","status":"publish","type":"post","link":"https:\/\/oak2000.com\/ca\/salo-destil-nordic-claus-per-a-decorar\/","title":{"rendered":"Sal\u00f3 d&#8217;estil n\u00f2rdic: claus per a decorar"},"content":{"rendered":"\n<p>La decoraci\u00f3 d&#8217;interiors amb estil n\u00f2rdic s&#8217;ha convertit en una tend\u00e8ncia molt popular en els \u00faltims anys. Caracteritzada per la seua eleg\u00e0ncia, simplicitat i funcionalitat, aquesta est\u00e8tica s&#8217;inspira als pa\u00efsos escandinaus i cerca crear ambients lluminosos i acollidors. En aquest article, descobrir\u00e0s les claus fonamentals per a decorar un sal\u00f3 amb estil n\u00f2rdic, des de l&#8217;elecci\u00f3 de colors i materials fins a la disposici\u00f3 del mobiliari. Prepara&#8217;t per a transformar la teua sala d&#8217;estar en un oasi de tranquil\u00b7litat i bellesa!<\/p>\n\n\n\n<blockquote class=\"wp-block-quote\">\n<p>Mes inspiraci\u00f3: <a href=\"https:\/\/oak2000.com\/ca\/inspiracio-per-a-decorar-banys-destil-nordic\/\">idees decorar banys d&#8217;estil n\u00f2rdic<\/a><\/p>\n<\/blockquote>\n\n\n\n<figure class=\"wp-block-image size-large\"><img decoding=\"async\" loading=\"lazy\" width=\"1024\" height=\"768\" src=\"https:\/\/oak2000.com\/wp-content\/uploads\/2023\/06\/salon-estilo-nordico-4-1024x768.jpg\" alt=\"Claves para Decorar un Sal\u00f3n con Estilo N\u00f3rdico\" class=\"wp-image-17649\" srcset=\"https:\/\/oak2000.com\/wp-content\/uploads\/2023\/06\/salon-estilo-nordico-4-1024x768.jpg 1024w, https:\/\/oak2000.com\/wp-content\/uploads\/2023\/06\/salon-estilo-nordico-4-300x225.jpg 300w, https:\/\/oak2000.com\/wp-content\/uploads\/2023\/06\/salon-estilo-nordico-4-768x576.jpg 768w, https:\/\/oak2000.com\/wp-content\/uploads\/2023\/06\/salon-estilo-nordico-4-1536x1152.jpg 1536w, https:\/\/oak2000.com\/wp-content\/uploads\/2023\/06\/salon-estilo-nordico-4.jpg 1920w\" sizes=\"(max-width: 1024px) 100vw, 1024px\" \/><\/figure>\n\n\n\n<h2 class=\"wp-block-heading\">Aposta pels colors neutres per a aconseguir l&#8217;estil n\u00f2rdic<\/h2>\n\n\n\n<p>La base de l&#8217;estil n\u00f2rdic \u00e9s una paleta de colors neutres i clars que ajuden a crear una sensaci\u00f3 de lluminositat i amplitud en el sal\u00f3. Opta per tons com el blanc, el gris clar, el beix i el crema per a les parets i els mobles principals. Aquests colors proporcionaran un llen\u00e7 en blanc sobre el qual afegir detalls i accents de color m\u00e9s vibrants en elements decoratius com a coixins, quadres o catifes.<\/p>\n\n\n\n<h2 class=\"wp-block-heading\">Juga amb els materials naturals<\/h2>\n\n\n\n<p>La fusta \u00e9s un dels materials m\u00e9s utilitzats en la decoraci\u00f3 n\u00f2rdica. Tria mobles i accessoris de fusta clara, com el bedoll o el pi, per a aportar calidesa i autenticitat a l&#8217;ambient. Combina&#8217;ls amb teixits naturals, com el lli o el cot\u00f3, per a les cortines, les fundes dels sof\u00e0s o les catifes. Els materials naturals ajudaran a crear una connexi\u00f3 amb la naturalesa i aportaran una sensaci\u00f3 de confort i serenitat al sal\u00f3.<\/p>\n\n\n\n<figure class=\"wp-block-image size-large\"><img decoding=\"async\" loading=\"lazy\" width=\"1024\" height=\"768\" src=\"https:\/\/oak2000.com\/wp-content\/uploads\/2023\/06\/salon-estilo-nordico-3-1024x768.jpg\" alt=\"Claves para Decorar un Sal\u00f3n con Estilo N\u00f3rdico\" class=\"wp-image-17647\" srcset=\"https:\/\/oak2000.com\/wp-content\/uploads\/2023\/06\/salon-estilo-nordico-3-1024x768.jpg 1024w, https:\/\/oak2000.com\/wp-content\/uploads\/2023\/06\/salon-estilo-nordico-3-300x225.jpg 300w, https:\/\/oak2000.com\/wp-content\/uploads\/2023\/06\/salon-estilo-nordico-3-768x576.jpg 768w, https:\/\/oak2000.com\/wp-content\/uploads\/2023\/06\/salon-estilo-nordico-3-1536x1152.jpg 1536w, https:\/\/oak2000.com\/wp-content\/uploads\/2023\/06\/salon-estilo-nordico-3.jpg 1920w\" sizes=\"(max-width: 1024px) 100vw, 1024px\" \/><\/figure>\n\n\n\n<h2 class=\"wp-block-heading\">La import\u00e0ncia de la llum natural<\/h2>\n\n\n\n<p>En l&#8217;estil n\u00f2rdic, la llum natural juga un paper fonamental. Aprofita al m\u00e0xim l&#8217;entrada de llum en el teu sal\u00f3, mantenint les finestres buidades i utilitzant cortines o estors lleugers que permeten el pas de la llum. Evita les cortines pesades o les persianes que bloquegen el flux de llum natural. A m\u00e9s, \u00e9s recomanable incorporar espills estrat\u00e8gicament situats per a reflectir la llum i crear la il\u00b7lusi\u00f3 de major amplitud en l&#8217;espai.<\/p>\n\n\n\n<h2 class=\"wp-block-heading\">Mobiliari funcional i minimalista d&#8217;estil n\u00f2rdic<\/h2>\n\n\n\n<p>El mobiliari en l&#8217;estil n\u00f2rdic es caracteritza per la seua funcionalitat i el seu disseny minimalista. Opta per peces senzilles i de l\u00ednies rectes, evitant els adorns excessius. Tria sof\u00e0s i cadires de l\u00ednies depurades, taules de centre i prestatgeries de disseny simple i pr\u00e0ctic. A m\u00e9s, el mobiliari n\u00f2rdic sol tindre potes elevades, la qual cosa permet que la llum flu\u00efsca davall dels mobles i genere una sensaci\u00f3 de lleugeresa en l&#8217;espai.<\/p>\n\n\n\n<figure class=\"wp-block-image size-large\"><img decoding=\"async\" loading=\"lazy\" width=\"817\" height=\"1024\" src=\"https:\/\/oak2000.com\/wp-content\/uploads\/2023\/06\/salon-estilo-nordico-1-817x1024.jpg\" alt=\"Claves para Decorar un Sal\u00f3n con Estilo N\u00f3rdico\" class=\"wp-image-17643\" srcset=\"https:\/\/oak2000.com\/wp-content\/uploads\/2023\/06\/salon-estilo-nordico-1-817x1024.jpg 817w, https:\/\/oak2000.com\/wp-content\/uploads\/2023\/06\/salon-estilo-nordico-1-239x300.jpg 239w, https:\/\/oak2000.com\/wp-content\/uploads\/2023\/06\/salon-estilo-nordico-1-768x963.jpg 768w, https:\/\/oak2000.com\/wp-content\/uploads\/2023\/06\/salon-estilo-nordico-1-1225x1536.jpg 1225w, https:\/\/oak2000.com\/wp-content\/uploads\/2023\/06\/salon-estilo-nordico-1-1634x2048.jpg 1634w, https:\/\/oak2000.com\/wp-content\/uploads\/2023\/06\/salon-estilo-nordico-1.jpg 1920w\" sizes=\"(max-width: 817px) 100vw, 817px\" \/><\/figure>\n\n\n\n<h2 class=\"wp-block-heading\">Els detalls s\u00f3n clau per a aconseguir l&#8217;estil n\u00f2rdic<\/h2>\n\n\n\n<p>En la decoraci\u00f3 n\u00f2rdica, els detalls s\u00f3n clau per a afegir personalitat i calidesa al sal\u00f3. Opta per t\u00e8xtils com a coixins, mantes o cortines en colors i estampats suaus. Afig tocs de color amb elements decoratius com a quadres, pitxers o plantes. Les plantes verdes, com a falagueres o suculentes, s\u00f3n especialment populars en aquest estil i aporten frescor i vida a l&#8217;ambient.<\/p>\n\n\n\n<figure class=\"wp-block-image size-large\"><img decoding=\"async\" loading=\"lazy\" width=\"1024\" height=\"576\" src=\"https:\/\/oak2000.com\/wp-content\/uploads\/2023\/06\/salon-estilo-nordico-2-1024x576.jpg\" alt=\"Claves para Decorar un Sal\u00f3n con Estilo N\u00f3rdico\" class=\"wp-image-17645\" srcset=\"https:\/\/oak2000.com\/wp-content\/uploads\/2023\/06\/salon-estilo-nordico-2-1024x576.jpg 1024w, https:\/\/oak2000.com\/wp-content\/uploads\/2023\/06\/salon-estilo-nordico-2-300x169.jpg 300w, https:\/\/oak2000.com\/wp-content\/uploads\/2023\/06\/salon-estilo-nordico-2-768x432.jpg 768w, https:\/\/oak2000.com\/wp-content\/uploads\/2023\/06\/salon-estilo-nordico-2-1536x864.jpg 1536w, https:\/\/oak2000.com\/wp-content\/uploads\/2023\/06\/salon-estilo-nordico-2.jpg 1920w\" sizes=\"(max-width: 1024px) 100vw, 1024px\" \/><\/figure>\n\n\n\n<p>Decorar un sal\u00f3 amb estil n\u00f2rdic \u00e9s una excel\u00b7lent manera de crear un ambient acollidor i elegant en la teua llar. Seguint les claus esmentades anteriorment, podr\u00e0s aconseguir una decoraci\u00f3 senzilla, funcional i plena de llum.<\/p>\n","protected":false},"excerpt":{"rendered":"<p>La decoraci\u00f3 d&#8217;interiors amb estil n\u00f2rdic s&#8217;ha convertit en una tend\u00e8ncia molt popular en els \u00faltims anys. Caracteritzada per la seua eleg\u00e0ncia, simplicitat i funcionalitat, aquesta est\u00e8tica s&#8217;inspira als pa\u00efsos&#8230;<\/p>\n","protected":false},"author":1,"featured_media":17649,"comment_status":"open","ping_status":"open","sticky":false,"template":"","format":"standard","meta":{"footnotes":""},"categories":[708],"tags":[],"yoast_head":"<!-- This site is optimized with the Yoast SEO plugin v21.5 - https:\/\/yoast.com\/wordpress\/plugins\/seo\/ -->\n<title>Sal\u00f3 d&#039;estil n\u00f2rdic: claus per a decorar | OAK 2000<\/title>\n<meta name=\"description\" content=\"Descobreix les claus per a decorar un sal\u00f3 amb estil n\u00f2rdic triant una paleta de colors neutres, materials naturals, llum natural, mobiliari minimalista i detalls decoratius per a un ambient llumin\u00f3s i acollidor.\" \/>\n<meta name=\"robots\" content=\"index, follow, max-snippet:-1, max-image-preview:large, max-video-preview:-1\" \/>\n<link rel=\"canonical\" href=\"https:\/\/oak2000.com\/ca\/salo-destil-nordic-claus-per-a-decorar\/\" \/>\n<meta property=\"og:locale\" content=\"ca_ES\" \/>\n<meta property=\"og:type\" content=\"article\" \/>\n<meta property=\"og:title\" content=\"Sal\u00f3 d&#039;estil n\u00f2rdic: claus per a decorar | OAK 2000\" \/>\n<meta property=\"og:description\" content=\"Descobreix les claus per a decorar un sal\u00f3 amb estil n\u00f2rdic triant una paleta de colors neutres, materials naturals, llum natural, mobiliari minimalista i detalls decoratius per a un ambient llumin\u00f3s i acollidor.\" \/>\n<meta property=\"og:url\" content=\"https:\/\/oak2000.com\/ca\/salo-destil-nordic-claus-per-a-decorar\/\" \/>\n<meta property=\"og:site_name\" content=\"OAK 2000\" \/>\n<meta property=\"article:published_time\" content=\"2023-07-03T12:02:48+00:00\" \/>\n<meta property=\"article:modified_time\" content=\"2023-06-27T12:11:38+00:00\" \/>\n<meta property=\"og:image\" content=\"https:\/\/oak2000.com\/wp-content\/uploads\/2023\/06\/salon-estilo-nordico-4.jpg\" \/>\n\t<meta property=\"og:image:width\" content=\"1920\" \/>\n\t<meta property=\"og:image:height\" content=\"1440\" \/>\n\t<meta property=\"og:image:type\" content=\"image\/jpeg\" \/>\n<meta name=\"author\" content=\"oak2000\" \/>\n<meta name=\"twitter:card\" content=\"summary_large_image\" \/>\n<meta name=\"twitter:label1\" content=\"Escrit per\" \/>\n\t<meta name=\"twitter:data1\" content=\"oak2000\" \/>\n\t<meta name=\"twitter:label2\" content=\"Temps estimat de lectura\" \/>\n\t<meta name=\"twitter:data2\" content=\"3 minuts\" \/>\n<script type=\"application\/ld+json\" class=\"yoast-schema-graph\">{\"@context\":\"https:\/\/schema.org\",\"@graph\":[{\"@type\":\"WebPage\",\"@id\":\"https:\/\/oak2000.com\/ca\/salo-destil-nordic-claus-per-a-decorar\/\",\"url\":\"https:\/\/oak2000.com\/ca\/salo-destil-nordic-claus-per-a-decorar\/\",\"name\":\"Sal\u00f3 d'estil n\u00f2rdic: claus per a decorar | OAK 2000\",\"isPartOf\":{\"@id\":\"https:\/\/oak2000.com\/#website\"},\"datePublished\":\"2023-07-03T12:02:48+00:00\",\"dateModified\":\"2023-06-27T12:11:38+00:00\",\"author\":{\"@id\":\"https:\/\/oak2000.com\/#\/schema\/person\/4f481b3104486bfc65469e2fe80c54ac\"},\"description\":\"Descobreix les claus per a decorar un sal\u00f3 amb estil n\u00f2rdic triant una paleta de colors neutres, materials naturals, llum natural, mobiliari minimalista i detalls decoratius per a un ambient llumin\u00f3s i acollidor.\",\"breadcrumb\":{\"@id\":\"https:\/\/oak2000.com\/ca\/salo-destil-nordic-claus-per-a-decorar\/#breadcrumb\"},\"inLanguage\":\"ca\",\"potentialAction\":[{\"@type\":\"ReadAction\",\"target\":[\"https:\/\/oak2000.com\/ca\/salo-destil-nordic-claus-per-a-decorar\/\"]}]},{\"@type\":\"BreadcrumbList\",\"@id\":\"https:\/\/oak2000.com\/ca\/salo-destil-nordic-claus-per-a-decorar\/#breadcrumb\",\"itemListElement\":[{\"@type\":\"ListItem\",\"position\":1,\"name\":\"Portada\",\"item\":\"https:\/\/oak2000.com\/\"},{\"@type\":\"ListItem\",\"position\":2,\"name\":\"Sal\u00f3 d&#8217;estil n\u00f2rdic: claus per a decorar\"}]},{\"@type\":\"WebSite\",\"@id\":\"https:\/\/oak2000.com\/#website\",\"url\":\"https:\/\/oak2000.com\/\",\"name\":\"OAK 2000\",\"description\":\"\",\"potentialAction\":[{\"@type\":\"SearchAction\",\"target\":{\"@type\":\"EntryPoint\",\"urlTemplate\":\"https:\/\/oak2000.com\/?s={search_term_string}\"},\"query-input\":\"required name=search_term_string\"}],\"inLanguage\":\"ca\"},{\"@type\":\"Person\",\"@id\":\"https:\/\/oak2000.com\/#\/schema\/person\/4f481b3104486bfc65469e2fe80c54ac\",\"name\":\"oak2000\",\"image\":{\"@type\":\"ImageObject\",\"inLanguage\":\"ca\",\"@id\":\"https:\/\/oak2000.com\/#\/schema\/person\/image\/\",\"url\":\"https:\/\/oak2000.com\/wp-content\/uploads\/2025\/02\/cropped-favicon-100x100.png\",\"contentUrl\":\"https:\/\/oak2000.com\/wp-content\/uploads\/2025\/02\/cropped-favicon-100x100.png\",\"caption\":\"oak2000\"}}]}<\/script>\n<!-- \/ Yoast SEO plugin. -->","yoast_head_json":{"title":"Sal\u00f3 d'estil n\u00f2rdic: claus per a decorar | OAK 2000","description":"Descobreix les claus per a decorar un sal\u00f3 amb estil n\u00f2rdic triant una paleta de colors neutres, materials naturals, llum natural, mobiliari minimalista i detalls decoratius per a un ambient llumin\u00f3s i acollidor.","robots":{"index":"index","follow":"follow","max-snippet":"max-snippet:-1","max-image-preview":"max-image-preview:large","max-video-preview":"max-video-preview:-1"},"canonical":"https:\/\/oak2000.com\/ca\/salo-destil-nordic-claus-per-a-decorar\/","og_locale":"ca_ES","og_type":"article","og_title":"Sal\u00f3 d'estil n\u00f2rdic: claus per a decorar | OAK 2000","og_description":"Descobreix les claus per a decorar un sal\u00f3 amb estil n\u00f2rdic triant una paleta de colors neutres, materials naturals, llum natural, mobiliari minimalista i detalls decoratius per a un ambient llumin\u00f3s i acollidor.","og_url":"https:\/\/oak2000.com\/ca\/salo-destil-nordic-claus-per-a-decorar\/","og_site_name":"OAK 2000","article_published_time":"2023-07-03T12:02:48+00:00","article_modified_time":"2023-06-27T12:11:38+00:00","og_image":[{"width":1920,"height":1440,"url":"https:\/\/oak2000.com\/wp-content\/uploads\/2023\/06\/salon-estilo-nordico-4.jpg","type":"image\/jpeg"}],"author":"oak2000","twitter_card":"summary_large_image","twitter_misc":{"Escrit per":"oak2000","Temps estimat de lectura":"3 minuts"},"schema":{"@context":"https:\/\/schema.org","@graph":[{"@type":"WebPage","@id":"https:\/\/oak2000.com\/ca\/salo-destil-nordic-claus-per-a-decorar\/","url":"https:\/\/oak2000.com\/ca\/salo-destil-nordic-claus-per-a-decorar\/","name":"Sal\u00f3 d'estil n\u00f2rdic: claus per a decorar | OAK 2000","isPartOf":{"@id":"https:\/\/oak2000.com\/#website"},"datePublished":"2023-07-03T12:02:48+00:00","dateModified":"2023-06-27T12:11:38+00:00","author":{"@id":"https:\/\/oak2000.com\/#\/schema\/person\/4f481b3104486bfc65469e2fe80c54ac"},"description":"Descobreix les claus per a decorar un sal\u00f3 amb estil n\u00f2rdic triant una paleta de colors neutres, materials naturals, llum natural, mobiliari minimalista i detalls decoratius per a un ambient llumin\u00f3s i acollidor.","breadcrumb":{"@id":"https:\/\/oak2000.com\/ca\/salo-destil-nordic-claus-per-a-decorar\/#breadcrumb"},"inLanguage":"ca","potentialAction":[{"@type":"ReadAction","target":["https:\/\/oak2000.com\/ca\/salo-destil-nordic-claus-per-a-decorar\/"]}]},{"@type":"BreadcrumbList","@id":"https:\/\/oak2000.com\/ca\/salo-destil-nordic-claus-per-a-decorar\/#breadcrumb","itemListElement":[{"@type":"ListItem","position":1,"name":"Portada","item":"https:\/\/oak2000.com\/"},{"@type":"ListItem","position":2,"name":"Sal\u00f3 d&#8217;estil n\u00f2rdic: claus per a decorar"}]},{"@type":"WebSite","@id":"https:\/\/oak2000.com\/#website","url":"https:\/\/oak2000.com\/","name":"OAK 2000","description":"","potentialAction":[{"@type":"SearchAction","target":{"@type":"EntryPoint","urlTemplate":"https:\/\/oak2000.com\/?s={search_term_string}"},"query-input":"required name=search_term_string"}],"inLanguage":"ca"},{"@type":"Person","@id":"https:\/\/oak2000.com\/#\/schema\/person\/4f481b3104486bfc65469e2fe80c54ac","name":"oak2000","image":{"@type":"ImageObject","inLanguage":"ca","@id":"https:\/\/oak2000.com\/#\/schema\/person\/image\/","url":"https:\/\/oak2000.com\/wp-content\/uploads\/2025\/02\/cropped-favicon-100x100.png","contentUrl":"https:\/\/oak2000.com\/wp-content\/uploads\/2025\/02\/cropped-favicon-100x100.png","caption":"oak2000"}}]}},"_links":{"self":[{"href":"https:\/\/oak2000.com\/ca\/wp-json\/wp\/v2\/posts\/17695"}],"collection":[{"href":"https:\/\/oak2000.com\/ca\/wp-json\/wp\/v2\/posts"}],"about":[{"href":"https:\/\/oak2000.com\/ca\/wp-json\/wp\/v2\/types\/post"}],"author":[{"embeddable":true,"href":"https:\/\/oak2000.com\/ca\/wp-json\/wp\/v2\/users\/1"}],"replies":[{"embeddable":true,"href":"https:\/\/oak2000.com\/ca\/wp-json\/wp\/v2\/comments?post=17695"}],"version-history":[{"count":1,"href":"https:\/\/oak2000.com\/ca\/wp-json\/wp\/v2\/posts\/17695\/revisions"}],"predecessor-version":[{"id":17696,"href":"https:\/\/oak2000.com\/ca\/wp-json\/wp\/v2\/posts\/17695\/revisions\/17696"}],"wp:featuredmedia":[{"embeddable":true,"href":"https:\/\/oak2000.com\/ca\/wp-json\/wp\/v2\/media\/17649"}],"wp:attachment":[{"href":"https:\/\/oak2000.com\/ca\/wp-json\/wp\/v2\/media?parent=17695"}],"wp:term":[{"taxonomy":"category","embeddable":true,"href":"https:\/\/oak2000.com\/ca\/wp-json\/wp\/v2\/categories?post=17695"},{"taxonomy":"post_tag","embeddable":true,"href":"https:\/\/oak2000.com\/ca\/wp-json\/wp\/v2\/tags?post=17695"}],"curies":[{"name":"wp","href":"https:\/\/api.w.org\/{rel}","templated":true}]}}