{"id":16681,"date":"2023-01-11T10:04:53","date_gmt":"2023-01-11T09:04:53","guid":{"rendered":"https:\/\/oak2000.com\/?p=16681"},"modified":"2023-02-09T11:48:49","modified_gmt":"2023-02-09T10:48:49","slug":"5-colors-perfectes-per-al-salo-de-la-teva-llar","status":"publish","type":"post","link":"https:\/\/oak2000.com\/ca\/5-colors-perfectes-per-al-salo-de-la-teva-llar\/","title":{"rendered":"5 colors perfectes per al sal\u00f3 de la teva llar"},"content":{"rendered":"\n<p>Aquest any 2023 les tend\u00e8ncies de decoraci\u00f3 ens presenten moltes novetats, sobretot respecte al color. Si vols decorar el teu sal\u00f3, aposta per algun dels 5 colors de moda que et presentem i posa la teva llar a l&#8217;\u00faltima.<\/p>\n\n\n\n<blockquote class=\"wp-block-quote\"><p><a href=\"https:\/\/oak2000.com\/ca\/distribucio-de-la-decoracio-per-a-salo-menjador-rectangular-encerta-amb-aquests-tips\/?preview_id=14823&amp;preview_nonce=f89cdb30cf&amp;preview=true&amp;_thumbnail_id=16508\">T&#8217;interessa: Tips per a la distribuci\u00f3 d&#8217;un sal\u00f3 rectangular<\/a><\/p><\/blockquote>\n\n\n\n<p>Si b\u00e9 \u00e9s cert que molts colors de tend\u00e8ncia l&#8217;any passat, ho continuen sent, com el gris o el beix, han aparegut enguany algunes altres propostes molt interessants per a decorar el sal\u00f3.<\/p>\n\n\n\n<h2 class=\"wp-block-heading\">Aposta pel gris blav\u00f3s<\/h2>\n\n\n\n<p>El color gris clar, de base, ens proporciona molts avantatges. Entre ells que es tracta d&#8217;un to neutre des del qual es pot construir la base de m\u00faltiples dissenys i, a m\u00e9s, adaptar-se a tota mena d&#8217;estils d&#8217;interiorisme.<\/p>\n\n\n\n<p>Les noves tend\u00e8ncies en colors per al sal\u00f3 ens porten el gris blav\u00f3s que, a m\u00e9s de la seva neutralitat, ens <strong>aporta un toc elegant, al mateix temps que refrescant<\/strong>. Aquest gris blav\u00f3s \u00e9s una variant del gris clar amb el qual tamb\u00e9 \u00e9s molt senzill crear ambients acollidors.<\/p>\n\n\n\n<p>El <strong>gris blav\u00f3s per al sal\u00f3<\/strong> pot combinar-se amb tota mena de mobles per a aconseguir l&#8217;efecte o interiorisme desitjat, la qual cosa representa una dels seus grans avantatges. En tractar-se d&#8217;un color clar, tamb\u00e9 ens pot resultar de gran ajuda per a il\u00b7luminar la nostra estada.<\/p>\n\n\n\n<p>Si no t&#8217;atreveixes amb aquest color i vols un que potenci\u00ef al m\u00e0xim tant l&#8217;amplitud visual, com la il\u00b7luminaci\u00f3, <a href=\"https:\/\/oak2000.com\/ca\/aposta-per-salons-en-color-blanc-per-obtenir-un-espai-mes-lluminos\/?preview_id=16640&amp;preview_nonce=5332743193&amp;preview=true&amp;_thumbnail_id=16637\">aposta pel sal\u00f3 en blanc<\/a>.<\/p>\n\n\n\n<h2 class=\"has-text-align-center wp-block-heading\"><img decoding=\"async\" loading=\"lazy\" width=\"1024\" height=\"683\" src=\"https:\/\/oak2000.com\/wp-content\/uploads\/2023\/01\/colores-para-decorar-salon-tendencias-1-1024x683.jpg\" alt=\"5 colores perfectos para el sal\u00f3n de tu hogar\"><\/h2>\n\n\n\n<h2 class=\"wp-block-heading\">Crea un ambient relaxant gr\u00e0cies al rosa pal o rosa empolsat<\/h2>\n\n\n\n<p>Aquest color per al sal\u00f3 i altres estades de la llar \u00e9s tamb\u00e9 una novetat i tend\u00e8ncia de decoraci\u00f3 aquest 2023. El <strong>rosa pal \u00e9s un color clar que aporta neutralitat<\/strong> i, el millor de tot, ens ajuda a crear un ambient de descans i reconfortant amb molta facilitat.<\/p>\n\n\n\n<p>\u00c9s un to nou que combina a la perfecci\u00f3 amb els <strong>lavanda i morats<\/strong>. De fet, el color lavanda clar tamb\u00e9 es presenta com una de les millors opcions en quant a colors per al sal\u00f3. Aix\u00f2 s\u00ed, sempre en les seves tonalitats m\u00e9s clares i neutres.<\/p>\n\n\n\n<p>Aquest escenari el podem combinar amb tocs morats a manera d&#8217;accent si busquem trencar la monotonia de colors quedant-nos dins de la mateixa gamma crom\u00e0tica.<\/p>\n\n\n\n<div class=\"wp-block-image\"><figure class=\"aligncenter\"><img decoding=\"async\" loading=\"lazy\" width=\"683\" height=\"1024\" src=\"https:\/\/oak2000.com\/wp-content\/uploads\/2023\/01\/colores-para-decorar-salon-tendencias-4-683x1024.jpg\" alt=\"5 colores perfectos para el sal\u00f3n de tu hogar\" class=\"wp-image-16655\" srcset=\"https:\/\/oak2000.com\/wp-content\/uploads\/2023\/01\/colores-para-decorar-salon-tendencias-4-683x1024.jpg 683w, https:\/\/oak2000.com\/wp-content\/uploads\/2023\/01\/colores-para-decorar-salon-tendencias-4-200x300.jpg 200w, https:\/\/oak2000.com\/wp-content\/uploads\/2023\/01\/colores-para-decorar-salon-tendencias-4-768x1152.jpg 768w, https:\/\/oak2000.com\/wp-content\/uploads\/2023\/01\/colores-para-decorar-salon-tendencias-4-1024x1536.jpg 1024w, https:\/\/oak2000.com\/wp-content\/uploads\/2023\/01\/colores-para-decorar-salon-tendencias-4-1365x2048.jpg 1365w, https:\/\/oak2000.com\/wp-content\/uploads\/2023\/01\/colores-para-decorar-salon-tendencias-4-scaled.jpg 1707w\" sizes=\"(max-width: 683px) 100vw, 683px\" \/><\/figure><\/div>\n\n\n\n<h2 class=\"wp-block-heading\">Color mandarina, una tend\u00e8ncia nom\u00e9s per als m\u00e9s atrevits<\/h2>\n\n\n\n<p>El <strong>color mandarina<\/strong> \u00e9s un altre dels colors per al sal\u00f3 de moda. No obstant aix\u00f2, cal recordar que les tend\u00e8ncies tenen el seu focus en el minimalisme m\u00e9s pr\u00e0ctic, pel que es recomana que, per a les parets, s&#8217;usi la tonalitat m\u00e9s clara possible.<\/p>\n\n\n\n<p>El to mandarina m\u00e9s c\u00e0lid i viu el podem introduir en <strong>coixins i petits accessoris de decoraci\u00f3 per a aportar accents<\/strong> i crear espais molt acollidors, personals i innovadors.<\/p>\n\n\n\n<h2 class=\"has-text-align-center wp-block-heading\"><img decoding=\"async\" loading=\"lazy\" width=\"576\" height=\"1024\" src=\"https:\/\/oak2000.com\/wp-content\/uploads\/2023\/01\/colores-para-decorar-salon-tendencias-5-576x1024.jpg\" alt=\"5 colores perfectos para el sal\u00f3n de tu hogar\"><\/h2>\n\n\n\n<h2 class=\"wp-block-heading\">El blanc trencat continua sent clau per a les parets del sal\u00f3<\/h2>\n\n\n\n<p>El color blanc no deixa de ser tend\u00e8ncia. Aix\u00f2 \u00e9s, especialment, perqu\u00e8 <strong>continuem prioritzant l&#8217;amplitud i la il\u00b7luminaci\u00f3<\/strong> dels espais. El blanc trencat per al sal\u00f3 \u00e9s una forma molt efica\u00e7 per a trencar la monotonia del blanc m\u00e9s pur i aportar un segell personal.<\/p>\n\n\n\n<p>En tractar-se d&#8217;un to neutre, el blanc trencat ens ofereix els mateixos avantatges i possibilitats que el blanc en la seva forma m\u00e9s tradicional. L&#8217;<strong>efecte relaxant<\/strong> est\u00e0 assegurat si juguem amb aquest color en la nostra estada.<\/p>\n\n\n\n<p>Amb el blanc trencat tamb\u00e9 disposem d&#8217;una base perfecta per a introduir <strong>qualsevol tipus d&#8217;interiorisme: r\u00fastic, n\u00f2rdic, industrial,&nbsp;vintage<\/strong>, etc. El truc? Jugar molt b\u00e9 amb els mobles i accessoris per a aconseguir el disseny preferit.<\/p>\n\n\n\n<h2 class=\"has-text-align-center wp-block-heading\"><img decoding=\"async\" loading=\"lazy\" width=\"1024\" height=\"750\" src=\"https:\/\/oak2000.com\/wp-content\/uploads\/2023\/01\/colores-para-decorar-salon-tendencias-2-1024x750.jpg\" alt=\"5 colores perfectos para el sal\u00f3n de tu hogar\"><\/h2>\n\n\n\n<h2 class=\"wp-block-heading\">Tornada a la naturalesa gr\u00e0cies al color blat<\/h2>\n\n\n\n<p>Podria confondre&#8217;s el color blat amb el color beix, que tamb\u00e9 continua estant de moda, per\u00f2 entre ells hi ha alguns matisos importants. Si b\u00e9 el color beix tendeix a ser m\u00e9s relaxat, el blat, malgrat la seva neutralitat, irradia m\u00e9s vitalitat.<\/p>\n\n\n\n<p>Sempre es busquen les tonalitats m\u00e9s clares i \u00e9s perfecte per a combinar amb els colors i accessoris de moda aquest 2023 en la llar. Aix\u00f2 \u00e9s, <strong>fibres naturals, fusta, cot\u00f3, lli,<\/strong> etc&#8230;<\/p>\n\n\n\n<div class=\"wp-block-image\"><figure class=\"aligncenter\"><img decoding=\"async\" loading=\"lazy\" width=\"1024\" height=\"1024\" src=\"https:\/\/oak2000.com\/wp-content\/uploads\/2023\/01\/colores-para-decorar-salon-tendencias-3-1024x1024.jpg\" alt=\"5 colores perfectos para el sal\u00f3n de tu hogar\" class=\"wp-image-16653\" srcset=\"https:\/\/oak2000.com\/wp-content\/uploads\/2023\/01\/colores-para-decorar-salon-tendencias-3-1024x1024.jpg 1024w, https:\/\/oak2000.com\/wp-content\/uploads\/2023\/01\/colores-para-decorar-salon-tendencias-3-300x300.jpg 300w, https:\/\/oak2000.com\/wp-content\/uploads\/2023\/01\/colores-para-decorar-salon-tendencias-3-150x150.jpg 150w, https:\/\/oak2000.com\/wp-content\/uploads\/2023\/01\/colores-para-decorar-salon-tendencias-3-768x768.jpg 768w, https:\/\/oak2000.com\/wp-content\/uploads\/2023\/01\/colores-para-decorar-salon-tendencias-3-1536x1536.jpg 1536w, https:\/\/oak2000.com\/wp-content\/uploads\/2023\/01\/colores-para-decorar-salon-tendencias-3-100x100.jpg 100w, https:\/\/oak2000.com\/wp-content\/uploads\/2023\/01\/colores-para-decorar-salon-tendencias-3-140x140.jpg 140w, https:\/\/oak2000.com\/wp-content\/uploads\/2023\/01\/colores-para-decorar-salon-tendencias-3-500x500.jpg 500w, https:\/\/oak2000.com\/wp-content\/uploads\/2023\/01\/colores-para-decorar-salon-tendencias-3-350x350.jpg 350w, https:\/\/oak2000.com\/wp-content\/uploads\/2023\/01\/colores-para-decorar-salon-tendencias-3-1000x1000.jpg 1000w, https:\/\/oak2000.com\/wp-content\/uploads\/2023\/01\/colores-para-decorar-salon-tendencias-3-800x800.jpg 800w, https:\/\/oak2000.com\/wp-content\/uploads\/2023\/01\/colores-para-decorar-salon-tendencias-3.jpg 1920w\" sizes=\"(max-width: 1024px) 100vw, 1024px\" \/><\/figure><\/div>\n\n\n\n<p>No tens clar el color o quin estil d&#8217;interiorisme t&#8217;agradaria aconseguir en el teu sal\u00f3 modern? Estem actualitzats amb les \u00faltimes tend\u00e8ncies perqu\u00e8 gaudis del teu sal\u00f3 com sempre vas somiar. <a href=\"https:\/\/oak2000.com\/ca\/contacte\/\">Compte amb nosaltres<\/a>!<\/p>\n","protected":false},"excerpt":{"rendered":"<p>Aquest any 2023 les tend\u00e8ncies de decoraci\u00f3 ens presenten moltes novetats, sobretot respecte al color. Si vols decorar el teu sal\u00f3, aposta per algun dels 5 colors de moda que&#8230;<\/p>\n","protected":false},"author":1,"featured_media":16654,"comment_status":"open","ping_status":"open","sticky":false,"template":"","format":"standard","meta":{"footnotes":""},"categories":[708],"tags":[],"yoast_head":"<!-- This site is optimized with the Yoast SEO plugin v21.5 - https:\/\/yoast.com\/wordpress\/plugins\/seo\/ -->\n<title>5 colors perfectes per al sal\u00f3 de la teva llar - OAK 2000<\/title>\n<meta name=\"robots\" content=\"index, follow, max-snippet:-1, max-image-preview:large, max-video-preview:-1\" \/>\n<link rel=\"canonical\" href=\"https:\/\/oak2000.com\/ca\/5-colors-perfectes-per-al-salo-de-la-teva-llar\/\" \/>\n<meta property=\"og:locale\" content=\"ca_ES\" \/>\n<meta property=\"og:type\" content=\"article\" \/>\n<meta property=\"og:title\" content=\"5 colors perfectes per al sal\u00f3 de la teva llar - OAK 2000\" \/>\n<meta property=\"og:description\" content=\"Aquest any 2023 les tend\u00e8ncies de decoraci\u00f3 ens presenten moltes novetats, sobretot respecte al color. Si vols decorar el teu sal\u00f3, aposta per algun dels 5 colors de moda que...\" \/>\n<meta property=\"og:url\" content=\"https:\/\/oak2000.com\/ca\/5-colors-perfectes-per-al-salo-de-la-teva-llar\/\" \/>\n<meta property=\"og:site_name\" content=\"OAK 2000\" \/>\n<meta property=\"article:published_time\" content=\"2023-01-11T09:04:53+00:00\" \/>\n<meta property=\"article:modified_time\" content=\"2023-02-09T10:48:49+00:00\" \/>\n<meta property=\"og:image\" content=\"https:\/\/oak2000.com\/wp-content\/uploads\/2023\/01\/colores-para-decorar-salon-tendencias-3.jpg\" \/>\n\t<meta property=\"og:image:width\" content=\"1920\" \/>\n\t<meta property=\"og:image:height\" content=\"1920\" \/>\n\t<meta property=\"og:image:type\" content=\"image\/jpeg\" \/>\n<meta name=\"author\" content=\"oak2000\" \/>\n<meta name=\"twitter:card\" content=\"summary_large_image\" \/>\n<meta name=\"twitter:label1\" content=\"Escrit per\" \/>\n\t<meta name=\"twitter:data1\" content=\"oak2000\" \/>\n\t<meta name=\"twitter:label2\" content=\"Temps estimat de lectura\" \/>\n\t<meta name=\"twitter:data2\" content=\"4 minuts\" \/>\n<script type=\"application\/ld+json\" class=\"yoast-schema-graph\">{\"@context\":\"https:\/\/schema.org\",\"@graph\":[{\"@type\":\"WebPage\",\"@id\":\"https:\/\/oak2000.com\/ca\/5-colors-perfectes-per-al-salo-de-la-teva-llar\/\",\"url\":\"https:\/\/oak2000.com\/ca\/5-colors-perfectes-per-al-salo-de-la-teva-llar\/\",\"name\":\"5 colors perfectes per al sal\u00f3 de la teva llar - OAK 2000\",\"isPartOf\":{\"@id\":\"https:\/\/oak2000.com\/#website\"},\"datePublished\":\"2023-01-11T09:04:53+00:00\",\"dateModified\":\"2023-02-09T10:48:49+00:00\",\"author\":{\"@id\":\"https:\/\/oak2000.com\/#\/schema\/person\/4f481b3104486bfc65469e2fe80c54ac\"},\"breadcrumb\":{\"@id\":\"https:\/\/oak2000.com\/ca\/5-colors-perfectes-per-al-salo-de-la-teva-llar\/#breadcrumb\"},\"inLanguage\":\"ca\",\"potentialAction\":[{\"@type\":\"ReadAction\",\"target\":[\"https:\/\/oak2000.com\/ca\/5-colors-perfectes-per-al-salo-de-la-teva-llar\/\"]}]},{\"@type\":\"BreadcrumbList\",\"@id\":\"https:\/\/oak2000.com\/ca\/5-colors-perfectes-per-al-salo-de-la-teva-llar\/#breadcrumb\",\"itemListElement\":[{\"@type\":\"ListItem\",\"position\":1,\"name\":\"Portada\",\"item\":\"https:\/\/oak2000.com\/\"},{\"@type\":\"ListItem\",\"position\":2,\"name\":\"5 colors perfectes per al sal\u00f3 de la teva llar\"}]},{\"@type\":\"WebSite\",\"@id\":\"https:\/\/oak2000.com\/#website\",\"url\":\"https:\/\/oak2000.com\/\",\"name\":\"OAK 2000\",\"description\":\"\",\"potentialAction\":[{\"@type\":\"SearchAction\",\"target\":{\"@type\":\"EntryPoint\",\"urlTemplate\":\"https:\/\/oak2000.com\/?s={search_term_string}\"},\"query-input\":\"required name=search_term_string\"}],\"inLanguage\":\"ca\"},{\"@type\":\"Person\",\"@id\":\"https:\/\/oak2000.com\/#\/schema\/person\/4f481b3104486bfc65469e2fe80c54ac\",\"name\":\"oak2000\",\"image\":{\"@type\":\"ImageObject\",\"inLanguage\":\"ca\",\"@id\":\"https:\/\/oak2000.com\/#\/schema\/person\/image\/\",\"url\":\"https:\/\/oak2000.com\/wp-content\/uploads\/2025\/02\/cropped-favicon-100x100.png\",\"contentUrl\":\"https:\/\/oak2000.com\/wp-content\/uploads\/2025\/02\/cropped-favicon-100x100.png\",\"caption\":\"oak2000\"}}]}<\/script>\n<!-- \/ Yoast SEO plugin. -->","yoast_head_json":{"title":"5 colors perfectes per al sal\u00f3 de la teva llar - OAK 2000","robots":{"index":"index","follow":"follow","max-snippet":"max-snippet:-1","max-image-preview":"max-image-preview:large","max-video-preview":"max-video-preview:-1"},"canonical":"https:\/\/oak2000.com\/ca\/5-colors-perfectes-per-al-salo-de-la-teva-llar\/","og_locale":"ca_ES","og_type":"article","og_title":"5 colors perfectes per al sal\u00f3 de la teva llar - OAK 2000","og_description":"Aquest any 2023 les tend\u00e8ncies de decoraci\u00f3 ens presenten moltes novetats, sobretot respecte al color. Si vols decorar el teu sal\u00f3, aposta per algun dels 5 colors de moda que...","og_url":"https:\/\/oak2000.com\/ca\/5-colors-perfectes-per-al-salo-de-la-teva-llar\/","og_site_name":"OAK 2000","article_published_time":"2023-01-11T09:04:53+00:00","article_modified_time":"2023-02-09T10:48:49+00:00","og_image":[{"width":1920,"height":1920,"url":"https:\/\/oak2000.com\/wp-content\/uploads\/2023\/01\/colores-para-decorar-salon-tendencias-3.jpg","type":"image\/jpeg"}],"author":"oak2000","twitter_card":"summary_large_image","twitter_misc":{"Escrit per":"oak2000","Temps estimat de lectura":"4 minuts"},"schema":{"@context":"https:\/\/schema.org","@graph":[{"@type":"WebPage","@id":"https:\/\/oak2000.com\/ca\/5-colors-perfectes-per-al-salo-de-la-teva-llar\/","url":"https:\/\/oak2000.com\/ca\/5-colors-perfectes-per-al-salo-de-la-teva-llar\/","name":"5 colors perfectes per al sal\u00f3 de la teva llar - OAK 2000","isPartOf":{"@id":"https:\/\/oak2000.com\/#website"},"datePublished":"2023-01-11T09:04:53+00:00","dateModified":"2023-02-09T10:48:49+00:00","author":{"@id":"https:\/\/oak2000.com\/#\/schema\/person\/4f481b3104486bfc65469e2fe80c54ac"},"breadcrumb":{"@id":"https:\/\/oak2000.com\/ca\/5-colors-perfectes-per-al-salo-de-la-teva-llar\/#breadcrumb"},"inLanguage":"ca","potentialAction":[{"@type":"ReadAction","target":["https:\/\/oak2000.com\/ca\/5-colors-perfectes-per-al-salo-de-la-teva-llar\/"]}]},{"@type":"BreadcrumbList","@id":"https:\/\/oak2000.com\/ca\/5-colors-perfectes-per-al-salo-de-la-teva-llar\/#breadcrumb","itemListElement":[{"@type":"ListItem","position":1,"name":"Portada","item":"https:\/\/oak2000.com\/"},{"@type":"ListItem","position":2,"name":"5 colors perfectes per al sal\u00f3 de la teva llar"}]},{"@type":"WebSite","@id":"https:\/\/oak2000.com\/#website","url":"https:\/\/oak2000.com\/","name":"OAK 2000","description":"","potentialAction":[{"@type":"SearchAction","target":{"@type":"EntryPoint","urlTemplate":"https:\/\/oak2000.com\/?s={search_term_string}"},"query-input":"required name=search_term_string"}],"inLanguage":"ca"},{"@type":"Person","@id":"https:\/\/oak2000.com\/#\/schema\/person\/4f481b3104486bfc65469e2fe80c54ac","name":"oak2000","image":{"@type":"ImageObject","inLanguage":"ca","@id":"https:\/\/oak2000.com\/#\/schema\/person\/image\/","url":"https:\/\/oak2000.com\/wp-content\/uploads\/2025\/02\/cropped-favicon-100x100.png","contentUrl":"https:\/\/oak2000.com\/wp-content\/uploads\/2025\/02\/cropped-favicon-100x100.png","caption":"oak2000"}}]}},"_links":{"self":[{"href":"https:\/\/oak2000.com\/ca\/wp-json\/wp\/v2\/posts\/16681"}],"collection":[{"href":"https:\/\/oak2000.com\/ca\/wp-json\/wp\/v2\/posts"}],"about":[{"href":"https:\/\/oak2000.com\/ca\/wp-json\/wp\/v2\/types\/post"}],"author":[{"embeddable":true,"href":"https:\/\/oak2000.com\/ca\/wp-json\/wp\/v2\/users\/1"}],"replies":[{"embeddable":true,"href":"https:\/\/oak2000.com\/ca\/wp-json\/wp\/v2\/comments?post=16681"}],"version-history":[{"count":3,"href":"https:\/\/oak2000.com\/ca\/wp-json\/wp\/v2\/posts\/16681\/revisions"}],"predecessor-version":[{"id":16687,"href":"https:\/\/oak2000.com\/ca\/wp-json\/wp\/v2\/posts\/16681\/revisions\/16687"}],"wp:featuredmedia":[{"embeddable":true,"href":"https:\/\/oak2000.com\/ca\/wp-json\/wp\/v2\/media\/16654"}],"wp:attachment":[{"href":"https:\/\/oak2000.com\/ca\/wp-json\/wp\/v2\/media?parent=16681"}],"wp:term":[{"taxonomy":"category","embeddable":true,"href":"https:\/\/oak2000.com\/ca\/wp-json\/wp\/v2\/categories?post=16681"},{"taxonomy":"post_tag","embeddable":true,"href":"https:\/\/oak2000.com\/ca\/wp-json\/wp\/v2\/tags?post=16681"}],"curies":[{"name":"wp","href":"https:\/\/api.w.org\/{rel}","templated":true}]}}