{"id":16530,"date":"2022-11-21T12:48:10","date_gmt":"2022-11-21T11:48:10","guid":{"rendered":"https:\/\/oak2000.com\/?p=16530"},"modified":"2022-11-17T12:53:25","modified_gmt":"2022-11-17T11:53:25","slug":"cuines-amb-illa-la-clau-per-a-aprofitar-lespai","status":"publish","type":"post","link":"https:\/\/oak2000.com\/ca\/cuines-amb-illa-la-clau-per-a-aprofitar-lespai\/","title":{"rendered":"Cuines amb illa, la clau per a aprofitar l&#8217;espai"},"content":{"rendered":"<p>Les cuines en illa s\u00f3n molt demandades, tamb\u00e9 s\u00f3n tend\u00e8ncia i, a m\u00e9s, \u00e9s possible aprofitar molt b\u00e9 l&#8217;espai en elles, lluny del que es pugui pensar. Et comptem com introduir una cuina amb illa on s&#8217;optimitzin molt b\u00e9 els metres disponibles.<\/p>\n<h2><img decoding=\"async\" loading=\"lazy\" class=\"aligncenter size-large wp-image-16526\" src=\"https:\/\/oak2000.com\/wp-content\/uploads\/2022\/11\/cocinas-con-isla-6-1024x683.jpg\" alt=\"Cocinas con isla\" width=\"1024\" height=\"683\" srcset=\"https:\/\/oak2000.com\/wp-content\/uploads\/2022\/11\/cocinas-con-isla-6-1024x683.jpg 1024w, https:\/\/oak2000.com\/wp-content\/uploads\/2022\/11\/cocinas-con-isla-6-300x200.jpg 300w, https:\/\/oak2000.com\/wp-content\/uploads\/2022\/11\/cocinas-con-isla-6-768x512.jpg 768w, https:\/\/oak2000.com\/wp-content\/uploads\/2022\/11\/cocinas-con-isla-6-1536x1024.jpg 1536w, https:\/\/oak2000.com\/wp-content\/uploads\/2022\/11\/cocinas-con-isla-6-900x600.jpg 900w, https:\/\/oak2000.com\/wp-content\/uploads\/2022\/11\/cocinas-con-isla-6.jpg 1920w\" sizes=\"(max-width: 1024px) 100vw, 1024px\" \/><br \/>\nUna illa molt \u00fatil, la clau per a aprofitar al m\u00e0xim l&#8217;espai disponible<\/h2>\n<p>El secret perqu\u00e8 una cuina amb illa aprofiti molt b\u00e9 cadascun dels metres quadrats disponibles \u00e9s fer de la mateixa un espai de treball actiu i multifuncional. Fins i tot pot tenir un petit volat per a fer de un petit menjador o zona de menjars lleugers.<br \/>\nDe fet, que dotem a aquesta zona de la cuina amb m\u00faltiples funcions ja suposa un gran estalvi d&#8217;espai en altres parts de l&#8217;estada que podem aprofitar molt millor.<\/p>\n<h2><img decoding=\"async\" loading=\"lazy\" class=\"aligncenter size-large wp-image-16528\" src=\"https:\/\/oak2000.com\/wp-content\/uploads\/2022\/11\/cocinas-con-isla-1-1024x683.jpg\" alt=\"Cocinas con isla tendencia\" width=\"1024\" height=\"683\" srcset=\"https:\/\/oak2000.com\/wp-content\/uploads\/2022\/11\/cocinas-con-isla-1-1024x683.jpg 1024w, https:\/\/oak2000.com\/wp-content\/uploads\/2022\/11\/cocinas-con-isla-1-300x200.jpg 300w, https:\/\/oak2000.com\/wp-content\/uploads\/2022\/11\/cocinas-con-isla-1-768x512.jpg 768w, https:\/\/oak2000.com\/wp-content\/uploads\/2022\/11\/cocinas-con-isla-1-1536x1024.jpg 1536w, https:\/\/oak2000.com\/wp-content\/uploads\/2022\/11\/cocinas-con-isla-1-900x600.jpg 900w, https:\/\/oak2000.com\/wp-content\/uploads\/2022\/11\/cocinas-con-isla-1.jpg 1920w\" sizes=\"(max-width: 1024px) 100vw, 1024px\" \/>Atenci\u00f3 a la distribuci\u00f3!<\/h2>\n<p>En les tend\u00e8ncies de reformes de cuines est\u00e0 molt present la intenci\u00f3 de trencar el triangle de treball de la cuina que generalment est\u00e0 compost per la zona de calor, aig\u00fcera i fred. Aquesta estructura, gaireb\u00e9 predeterminada, en les cuines antigues est\u00e0 destinada a ser substitu\u00efda per altres formes m\u00e9s lliures, productives i \u00e0mplies.<br \/>\nLa distribuci\u00f3 en la cuina tamb\u00e9 es refereix als espais que habilitem per a les coses que usem amb major freq\u00fc\u00e8ncia, de manera que ens quedin m\u00e9s a prop i puguem accedir a elles d&#8217;una forma m\u00e9s c\u00f2moda i pr\u00e0ctica.<\/p>\n<h2><img decoding=\"async\" loading=\"lazy\" class=\"aligncenter size-large wp-image-16518\" src=\"https:\/\/oak2000.com\/wp-content\/uploads\/2022\/11\/cocinas-con-isla-2-1024x768.jpg\" alt=\"Cocinas con isla tendencia\" width=\"1024\" height=\"768\" srcset=\"https:\/\/oak2000.com\/wp-content\/uploads\/2022\/11\/cocinas-con-isla-2-1024x768.jpg 1024w, https:\/\/oak2000.com\/wp-content\/uploads\/2022\/11\/cocinas-con-isla-2-300x225.jpg 300w, https:\/\/oak2000.com\/wp-content\/uploads\/2022\/11\/cocinas-con-isla-2-768x576.jpg 768w, https:\/\/oak2000.com\/wp-content\/uploads\/2022\/11\/cocinas-con-isla-2-1536x1152.jpg 1536w, https:\/\/oak2000.com\/wp-content\/uploads\/2022\/11\/cocinas-con-isla-2.jpg 1920w\" sizes=\"(max-width: 1024px) 100vw, 1024px\" \/>Cuines amb illa i innovaci\u00f3 per a optimitzar els espais<\/h2>\n<p>Cal ressaltar que en les cuines amb illa actuals la innovaci\u00f3 \u00e9s molt ben rebuda. Aquesta innovaci\u00f3 no est\u00e0 pensada nom\u00e9s per a destacar en els dissenys i acabats, sin\u00f3 tamb\u00e9 per a aconseguir les millors f\u00f3rmules personalitzades de distribuci\u00f3 i emmagatzematge amb l&#8217;objectiu de cobrir les expectatives concretes en cada cas.<\/p>\n<h2><img decoding=\"async\" loading=\"lazy\" class=\"aligncenter size-large wp-image-16520\" src=\"https:\/\/oak2000.com\/wp-content\/uploads\/2022\/11\/cocinas-con-isla-3-1024x683.jpg\" alt=\"Cocinas con isla tendencia\" width=\"1024\" height=\"683\" srcset=\"https:\/\/oak2000.com\/wp-content\/uploads\/2022\/11\/cocinas-con-isla-3-1024x683.jpg 1024w, https:\/\/oak2000.com\/wp-content\/uploads\/2022\/11\/cocinas-con-isla-3-300x200.jpg 300w, https:\/\/oak2000.com\/wp-content\/uploads\/2022\/11\/cocinas-con-isla-3-768x512.jpg 768w, https:\/\/oak2000.com\/wp-content\/uploads\/2022\/11\/cocinas-con-isla-3-1536x1024.jpg 1536w, https:\/\/oak2000.com\/wp-content\/uploads\/2022\/11\/cocinas-con-isla-3-900x600.jpg 900w, https:\/\/oak2000.com\/wp-content\/uploads\/2022\/11\/cocinas-con-isla-3.jpg 1920w\" sizes=\"(max-width: 1024px) 100vw, 1024px\" \/>Claus per a crear una cuina amb illa moderna<\/h2>\n<p>En general, les cuines modernes amb illa busquen connectar l&#8217;ambient a la naturalesa mitjan\u00e7ant colors i acabats texturats; a la mateixa vegada que persegueixen la funcionalitat i el minimalisme, que en la cuina es tradueix al fet que quedi a la vista nom\u00e9s all\u00f2 que tingui una funci\u00f3 decorativa.<br \/>\nEls mobles en acabat verd de tonalitat mitjana \u2013 fosca combinats amb s\u00f2ls i elements de fusta estan molt de moda. Encara que si no ens atrevim a apostar-ho tot pel verd o disposem de poca llum, tamb\u00e9 podem combinar dos acabats diferents fent un contrast suau.<\/p>\n<p><img decoding=\"async\" loading=\"lazy\" class=\"aligncenter size-large wp-image-16522\" src=\"https:\/\/oak2000.com\/wp-content\/uploads\/2022\/11\/cocinas-con-isla-4-1024x683.jpg\" alt=\"Cocinas con isla tendencia\" width=\"1024\" height=\"683\" srcset=\"https:\/\/oak2000.com\/wp-content\/uploads\/2022\/11\/cocinas-con-isla-4-1024x683.jpg 1024w, https:\/\/oak2000.com\/wp-content\/uploads\/2022\/11\/cocinas-con-isla-4-300x200.jpg 300w, https:\/\/oak2000.com\/wp-content\/uploads\/2022\/11\/cocinas-con-isla-4-768x512.jpg 768w, https:\/\/oak2000.com\/wp-content\/uploads\/2022\/11\/cocinas-con-isla-4-1536x1024.jpg 1536w, https:\/\/oak2000.com\/wp-content\/uploads\/2022\/11\/cocinas-con-isla-4-900x600.jpg 900w, https:\/\/oak2000.com\/wp-content\/uploads\/2022\/11\/cocinas-con-isla-4.jpg 1920w\" sizes=\"(max-width: 1024px) 100vw, 1024px\" \/><br \/>\nEn el cas de deixar uns certs electrodom\u00e8stics fos com a torradores, etc., \u00e9s interessant que cuidem els acabats i colors per a no fer malb\u00e9 l&#8217;efecte d&#8217;aquest interiorisme en tend\u00e8ncia.<br \/>\nUna bona il\u00b7luminaci\u00f3 \u00e9s imprescindible en les cuines modernes. La cerca d&#8217;espais ben il\u00b7luminats continua sent una tend\u00e8ncia, per aix\u00f2 sempre es donar\u00e0 prioritat a la llum natural i es cobriran amb proposades LED eficients els espais que requereixin m\u00e9s visibilitat.<\/p>\n<p><img decoding=\"async\" loading=\"lazy\" class=\"aligncenter size-large wp-image-16524\" src=\"https:\/\/oak2000.com\/wp-content\/uploads\/2022\/11\/cocinas-con-isla-5-683x1024.jpg\" alt=\"Cocinas con isla tendencia\" width=\"683\" height=\"1024\" srcset=\"https:\/\/oak2000.com\/wp-content\/uploads\/2022\/11\/cocinas-con-isla-5-683x1024.jpg 683w, https:\/\/oak2000.com\/wp-content\/uploads\/2022\/11\/cocinas-con-isla-5-200x300.jpg 200w, https:\/\/oak2000.com\/wp-content\/uploads\/2022\/11\/cocinas-con-isla-5-768x1152.jpg 768w, https:\/\/oak2000.com\/wp-content\/uploads\/2022\/11\/cocinas-con-isla-5-1024x1536.jpg 1024w, https:\/\/oak2000.com\/wp-content\/uploads\/2022\/11\/cocinas-con-isla-5-1366x2048.jpg 1366w, https:\/\/oak2000.com\/wp-content\/uploads\/2022\/11\/cocinas-con-isla-5-scaled.jpg 1707w\" sizes=\"(max-width: 683px) 100vw, 683px\" \/><br \/>\nSi est\u00e0s pensant en la decoraci\u00f3, la cuina amb illa moderna que aprofita b\u00e9 l&#8217;espai \u00e9s de tend\u00e8ncia minimalista, per la qual cosa no necessitar\u00e0s molt. De fet, en la cuina de moda es pret\u00e9n que siguin els acabats naturals i els tons acolorits els protagonistes.<br \/>\nT&#8217;ajudem a crear una cuina de somni amb illa?<\/p>\n","protected":false},"excerpt":{"rendered":"<p>Les cuines en illa s\u00f3n molt demandades, tamb\u00e9 s\u00f3n tend\u00e8ncia i, a m\u00e9s, \u00e9s possible aprofitar molt b\u00e9 l&#8217;espai en elles, lluny del que es pugui pensar. Et comptem com&#8230;<\/p>\n","protected":false},"author":1,"featured_media":16526,"comment_status":"open","ping_status":"open","sticky":false,"template":"","format":"standard","meta":{"footnotes":""},"categories":[708],"tags":[],"yoast_head":"<!-- This site is optimized with the Yoast SEO plugin v21.5 - https:\/\/yoast.com\/wordpress\/plugins\/seo\/ -->\n<title>Cuines amb illa, la clau per a aprofitar l&#039;espai | OAK 2000<\/title>\n<meta name=\"description\" content=\"Et comptem com introduir una cuina amb illa on s&#039;optimitzin molt b\u00e9 els metres disponibles i crear una cuina pr\u00e0ctica i original.\" \/>\n<meta name=\"robots\" content=\"index, follow, max-snippet:-1, max-image-preview:large, max-video-preview:-1\" \/>\n<link rel=\"canonical\" href=\"https:\/\/oak2000.com\/ca\/cuines-amb-illa-la-clau-per-a-aprofitar-lespai\/\" \/>\n<meta property=\"og:locale\" content=\"ca_ES\" \/>\n<meta property=\"og:type\" content=\"article\" \/>\n<meta property=\"og:title\" content=\"Cuines amb illa, la clau per a aprofitar l&#039;espai | OAK 2000\" \/>\n<meta property=\"og:description\" content=\"Et comptem com introduir una cuina amb illa on s&#039;optimitzin molt b\u00e9 els metres disponibles i crear una cuina pr\u00e0ctica i original.\" \/>\n<meta property=\"og:url\" content=\"https:\/\/oak2000.com\/ca\/cuines-amb-illa-la-clau-per-a-aprofitar-lespai\/\" \/>\n<meta property=\"og:site_name\" content=\"OAK 2000\" \/>\n<meta property=\"article:published_time\" content=\"2022-11-21T11:48:10+00:00\" \/>\n<meta property=\"article:modified_time\" content=\"2022-11-17T11:53:25+00:00\" \/>\n<meta property=\"og:image\" content=\"https:\/\/oak2000.com\/wp-content\/uploads\/2022\/11\/cocinas-con-isla-6.jpg\" \/>\n\t<meta property=\"og:image:width\" content=\"1920\" \/>\n\t<meta property=\"og:image:height\" content=\"1280\" \/>\n\t<meta property=\"og:image:type\" content=\"image\/jpeg\" \/>\n<meta name=\"author\" content=\"oak2000\" \/>\n<meta name=\"twitter:card\" content=\"summary_large_image\" \/>\n<meta name=\"twitter:label1\" content=\"Escrit per\" \/>\n\t<meta name=\"twitter:data1\" content=\"oak2000\" \/>\n\t<meta name=\"twitter:label2\" content=\"Temps estimat de lectura\" \/>\n\t<meta name=\"twitter:data2\" content=\"3 minuts\" \/>\n<script type=\"application\/ld+json\" class=\"yoast-schema-graph\">{\"@context\":\"https:\/\/schema.org\",\"@graph\":[{\"@type\":\"WebPage\",\"@id\":\"https:\/\/oak2000.com\/ca\/cuines-amb-illa-la-clau-per-a-aprofitar-lespai\/\",\"url\":\"https:\/\/oak2000.com\/ca\/cuines-amb-illa-la-clau-per-a-aprofitar-lespai\/\",\"name\":\"Cuines amb illa, la clau per a aprofitar l'espai | OAK 2000\",\"isPartOf\":{\"@id\":\"https:\/\/oak2000.com\/#website\"},\"datePublished\":\"2022-11-21T11:48:10+00:00\",\"dateModified\":\"2022-11-17T11:53:25+00:00\",\"author\":{\"@id\":\"https:\/\/oak2000.com\/#\/schema\/person\/4f481b3104486bfc65469e2fe80c54ac\"},\"description\":\"Et comptem com introduir una cuina amb illa on s'optimitzin molt b\u00e9 els metres disponibles i crear una cuina pr\u00e0ctica i original.\",\"breadcrumb\":{\"@id\":\"https:\/\/oak2000.com\/ca\/cuines-amb-illa-la-clau-per-a-aprofitar-lespai\/#breadcrumb\"},\"inLanguage\":\"ca\",\"potentialAction\":[{\"@type\":\"ReadAction\",\"target\":[\"https:\/\/oak2000.com\/ca\/cuines-amb-illa-la-clau-per-a-aprofitar-lespai\/\"]}]},{\"@type\":\"BreadcrumbList\",\"@id\":\"https:\/\/oak2000.com\/ca\/cuines-amb-illa-la-clau-per-a-aprofitar-lespai\/#breadcrumb\",\"itemListElement\":[{\"@type\":\"ListItem\",\"position\":1,\"name\":\"Portada\",\"item\":\"https:\/\/oak2000.com\/\"},{\"@type\":\"ListItem\",\"position\":2,\"name\":\"Cuines amb illa, la clau per a aprofitar l&#8217;espai\"}]},{\"@type\":\"WebSite\",\"@id\":\"https:\/\/oak2000.com\/#website\",\"url\":\"https:\/\/oak2000.com\/\",\"name\":\"OAK 2000\",\"description\":\"\",\"potentialAction\":[{\"@type\":\"SearchAction\",\"target\":{\"@type\":\"EntryPoint\",\"urlTemplate\":\"https:\/\/oak2000.com\/?s={search_term_string}\"},\"query-input\":\"required name=search_term_string\"}],\"inLanguage\":\"ca\"},{\"@type\":\"Person\",\"@id\":\"https:\/\/oak2000.com\/#\/schema\/person\/4f481b3104486bfc65469e2fe80c54ac\",\"name\":\"oak2000\",\"image\":{\"@type\":\"ImageObject\",\"inLanguage\":\"ca\",\"@id\":\"https:\/\/oak2000.com\/#\/schema\/person\/image\/\",\"url\":\"https:\/\/oak2000.com\/wp-content\/uploads\/2025\/02\/cropped-favicon-100x100.png\",\"contentUrl\":\"https:\/\/oak2000.com\/wp-content\/uploads\/2025\/02\/cropped-favicon-100x100.png\",\"caption\":\"oak2000\"}}]}<\/script>\n<!-- \/ Yoast SEO plugin. -->","yoast_head_json":{"title":"Cuines amb illa, la clau per a aprofitar l'espai | OAK 2000","description":"Et comptem com introduir una cuina amb illa on s'optimitzin molt b\u00e9 els metres disponibles i crear una cuina pr\u00e0ctica i original.","robots":{"index":"index","follow":"follow","max-snippet":"max-snippet:-1","max-image-preview":"max-image-preview:large","max-video-preview":"max-video-preview:-1"},"canonical":"https:\/\/oak2000.com\/ca\/cuines-amb-illa-la-clau-per-a-aprofitar-lespai\/","og_locale":"ca_ES","og_type":"article","og_title":"Cuines amb illa, la clau per a aprofitar l'espai | OAK 2000","og_description":"Et comptem com introduir una cuina amb illa on s'optimitzin molt b\u00e9 els metres disponibles i crear una cuina pr\u00e0ctica i original.","og_url":"https:\/\/oak2000.com\/ca\/cuines-amb-illa-la-clau-per-a-aprofitar-lespai\/","og_site_name":"OAK 2000","article_published_time":"2022-11-21T11:48:10+00:00","article_modified_time":"2022-11-17T11:53:25+00:00","og_image":[{"width":1920,"height":1280,"url":"https:\/\/oak2000.com\/wp-content\/uploads\/2022\/11\/cocinas-con-isla-6.jpg","type":"image\/jpeg"}],"author":"oak2000","twitter_card":"summary_large_image","twitter_misc":{"Escrit per":"oak2000","Temps estimat de lectura":"3 minuts"},"schema":{"@context":"https:\/\/schema.org","@graph":[{"@type":"WebPage","@id":"https:\/\/oak2000.com\/ca\/cuines-amb-illa-la-clau-per-a-aprofitar-lespai\/","url":"https:\/\/oak2000.com\/ca\/cuines-amb-illa-la-clau-per-a-aprofitar-lespai\/","name":"Cuines amb illa, la clau per a aprofitar l'espai | OAK 2000","isPartOf":{"@id":"https:\/\/oak2000.com\/#website"},"datePublished":"2022-11-21T11:48:10+00:00","dateModified":"2022-11-17T11:53:25+00:00","author":{"@id":"https:\/\/oak2000.com\/#\/schema\/person\/4f481b3104486bfc65469e2fe80c54ac"},"description":"Et comptem com introduir una cuina amb illa on s'optimitzin molt b\u00e9 els metres disponibles i crear una cuina pr\u00e0ctica i original.","breadcrumb":{"@id":"https:\/\/oak2000.com\/ca\/cuines-amb-illa-la-clau-per-a-aprofitar-lespai\/#breadcrumb"},"inLanguage":"ca","potentialAction":[{"@type":"ReadAction","target":["https:\/\/oak2000.com\/ca\/cuines-amb-illa-la-clau-per-a-aprofitar-lespai\/"]}]},{"@type":"BreadcrumbList","@id":"https:\/\/oak2000.com\/ca\/cuines-amb-illa-la-clau-per-a-aprofitar-lespai\/#breadcrumb","itemListElement":[{"@type":"ListItem","position":1,"name":"Portada","item":"https:\/\/oak2000.com\/"},{"@type":"ListItem","position":2,"name":"Cuines amb illa, la clau per a aprofitar l&#8217;espai"}]},{"@type":"WebSite","@id":"https:\/\/oak2000.com\/#website","url":"https:\/\/oak2000.com\/","name":"OAK 2000","description":"","potentialAction":[{"@type":"SearchAction","target":{"@type":"EntryPoint","urlTemplate":"https:\/\/oak2000.com\/?s={search_term_string}"},"query-input":"required name=search_term_string"}],"inLanguage":"ca"},{"@type":"Person","@id":"https:\/\/oak2000.com\/#\/schema\/person\/4f481b3104486bfc65469e2fe80c54ac","name":"oak2000","image":{"@type":"ImageObject","inLanguage":"ca","@id":"https:\/\/oak2000.com\/#\/schema\/person\/image\/","url":"https:\/\/oak2000.com\/wp-content\/uploads\/2025\/02\/cropped-favicon-100x100.png","contentUrl":"https:\/\/oak2000.com\/wp-content\/uploads\/2025\/02\/cropped-favicon-100x100.png","caption":"oak2000"}}]}},"_links":{"self":[{"href":"https:\/\/oak2000.com\/ca\/wp-json\/wp\/v2\/posts\/16530"}],"collection":[{"href":"https:\/\/oak2000.com\/ca\/wp-json\/wp\/v2\/posts"}],"about":[{"href":"https:\/\/oak2000.com\/ca\/wp-json\/wp\/v2\/types\/post"}],"author":[{"embeddable":true,"href":"https:\/\/oak2000.com\/ca\/wp-json\/wp\/v2\/users\/1"}],"replies":[{"embeddable":true,"href":"https:\/\/oak2000.com\/ca\/wp-json\/wp\/v2\/comments?post=16530"}],"version-history":[{"count":1,"href":"https:\/\/oak2000.com\/ca\/wp-json\/wp\/v2\/posts\/16530\/revisions"}],"predecessor-version":[{"id":16531,"href":"https:\/\/oak2000.com\/ca\/wp-json\/wp\/v2\/posts\/16530\/revisions\/16531"}],"wp:featuredmedia":[{"embeddable":true,"href":"https:\/\/oak2000.com\/ca\/wp-json\/wp\/v2\/media\/16526"}],"wp:attachment":[{"href":"https:\/\/oak2000.com\/ca\/wp-json\/wp\/v2\/media?parent=16530"}],"wp:term":[{"taxonomy":"category","embeddable":true,"href":"https:\/\/oak2000.com\/ca\/wp-json\/wp\/v2\/categories?post=16530"},{"taxonomy":"post_tag","embeddable":true,"href":"https:\/\/oak2000.com\/ca\/wp-json\/wp\/v2\/tags?post=16530"}],"curies":[{"name":"wp","href":"https:\/\/api.w.org\/{rel}","templated":true}]}}