{"id":15050,"date":"2022-05-26T10:30:30","date_gmt":"2022-05-26T08:30:30","guid":{"rendered":"https:\/\/oak2000.com\/?p=15050"},"modified":"2022-05-31T10:42:25","modified_gmt":"2022-05-31T08:42:25","slug":"beneficis-i-estalvis-en-la-reforma-energetica-de-la-llar","status":"publish","type":"post","link":"https:\/\/oak2000.com\/ca\/beneficis-i-estalvis-en-la-reforma-energetica-de-la-llar\/","title":{"rendered":"Beneficis i estalvis en la reforma energ\u00e8tica de la llar"},"content":{"rendered":"<p>Quan pensem en reformes d&#8217;habitatges, la finalitat \u00e9s \u00f2bvia: potenciar l&#8217;aspecte de la nostra llar, millorar el nostre confort i benestar, crear espais adaptats a tots els ocupants de la casa\u2026 per\u00f2 a vegades (encara que cada vegada menys) arribem a un benefici igualment important: \u00e9s possible augmentar el nostre benestar en la llar gastant menys i sent m\u00e9s complaents amb l&#8217;ecosistema.<\/p>\n<p>Aconseguir est\u00e0ndards d&#8217;efici\u00e8ncia energ\u00e8tica, sustentabilitat i la lluita contra el canvi clim\u00e0tic i els gasos d&#8217;efecte d&#8217;hivernacle comen\u00e7a en les nostres pr\u00f2pies llars.<\/p>\n<p>Pots comen\u00e7ar per considerar aquests aspectes en el teu projecte de reforma:<\/p>\n<h2><strong>Millores per a la llar: Qu\u00e8 hem de considerar?<\/strong><\/h2>\n<p>Si de veritat volem que la nostra casa sigui un model d&#8217;efici\u00e8ncia energ\u00e8tica, podem i hem de tenir en compte el seg\u00fcent per a aconseguir-lo:<\/p>\n<ul>\n<li>Imprescindible: <strong>a\u00efllament<\/strong>. El sistema clim\u00e0tic que triem \u00e9s essencial, per\u00f2 si la casa no est\u00e0 ben a\u00efllada, fins i tot el sistema m\u00e9s eficient es malgastar\u00e0. Hem de tenir-lo en compte en finestres, parets, murs o s\u00f2ls.<\/li>\n<li><strong>Minimitzar els ponts t\u00e8rmics.<\/strong> Els ponts t\u00e8rmics en els edificis s\u00f3n zones on es produeixen p\u00e8rdues de calor importants, afectant les demandes energ\u00e8tiques dels espais interiors. La climatitzaci\u00f3 i l&#8217;a\u00efllament adequat tampoc ajudaran si deixem llocs on puguem dissipar la calor dins de la casa.<\/li>\n<li><strong>Les finestres i la seva import\u00e0ncia.<\/strong> D&#8217;acord amb els dos punts anteriors, el doble o fins i tot triple envidrament \u00e9s la millor manera d&#8217;aconseguir un bon a\u00efllament i aconseguir la temperatura ideal sense malbaratar, per la qual cosa et recomanem tenir-lo en compte a l&#8217;hora de plantejar-se la substituci\u00f3 de finestres. La teva inversi\u00f3 inicial es traduir\u00e0 en fins a un 50% d&#8217;estalvi en les teves factures i guanyar\u00e0s en felicitat.<\/li>\n<li><strong>Materials de construcci\u00f3.<\/strong> L&#8217;elecci\u00f3 dels materials no \u00e9s (o no hauria de ser) arbitr\u00e0ria ni guiada \u00fanicament per l&#8217;est\u00e8tica. Alguns materials s\u00f3n inherentment m\u00e9s sostenibles i, donades les seves propietats, et permeten consumir menys. Per aix\u00f2 \u00e9s important seguir sempre els consells dels experts en materials de construcci\u00f3. Un exemple: A l&#8217;hora d&#8217;<a href=\"https:\/\/propanogas.com\/calefaccion\/suelo-radiante\">instal\u00b7lar s\u00f2l radiant<\/a>, cal combinar-ho amb un s\u00f2l que transmeti calor (com la cer\u00e0mica), ja que \u00e9s un bon conductor de la calor, comprovar\u00e0s que les teves factures es reduiran considerablement. En aquest cas, es prefereixen els materials conductors als a\u00efllants.<\/li>\n<\/ul>\n<h2><img decoding=\"async\" loading=\"lazy\" class=\"aligncenter size-large wp-image-15035\" src=\"https:\/\/oak2000.com\/wp-content\/uploads\/2022\/05\/jasmin-sessler-sRJEcdEhyZw-unsplash-1024x683.jpg\" alt=\"Beneficios y ahorros en la reforma energ\u00e9tica del hogar\" width=\"1024\" height=\"683\" srcset=\"https:\/\/oak2000.com\/wp-content\/uploads\/2022\/05\/jasmin-sessler-sRJEcdEhyZw-unsplash-1024x683.jpg 1024w, https:\/\/oak2000.com\/wp-content\/uploads\/2022\/05\/jasmin-sessler-sRJEcdEhyZw-unsplash-300x200.jpg 300w, https:\/\/oak2000.com\/wp-content\/uploads\/2022\/05\/jasmin-sessler-sRJEcdEhyZw-unsplash-768x512.jpg 768w, https:\/\/oak2000.com\/wp-content\/uploads\/2022\/05\/jasmin-sessler-sRJEcdEhyZw-unsplash-1536x1024.jpg 1536w, https:\/\/oak2000.com\/wp-content\/uploads\/2022\/05\/jasmin-sessler-sRJEcdEhyZw-unsplash-2048x1365.jpg 2048w, https:\/\/oak2000.com\/wp-content\/uploads\/2022\/05\/jasmin-sessler-sRJEcdEhyZw-unsplash-900x600.jpg 900w\" sizes=\"(max-width: 1024px) 100vw, 1024px\" \/><\/h2>\n<h2><strong>Qu\u00e8 pots fer per a economitzar energ\u00e8ticament en la teva vida di\u00e0ria?<\/strong><\/h2>\n<p>Clarament, l&#8217;estalvi d&#8217;energia es veu afectat en gran manera pels punts anteriors, per\u00f2 si malbaratem energia fent un mal \u00fas dels diferents sistemes en la nostra vida di\u00e0ria, de res servir\u00e0 fer reformes sostenibles.<\/p>\n<p>Per tant, hem de parar esment als nostres h\u00e0bits per a tenir un impacte significatiu en l&#8217;estalvi d&#8217;energia:<\/p>\n<ul>\n<li><strong>Empra electrodom\u00e8stics m\u00e9s eficients.<\/strong> Al mar\u00e7 va entrar en vigor la nova etiqueta energ\u00e8tica dels electrodom\u00e8stics, la classe A \u00e9s la m\u00e9s eficient i la classe G \u00e9s la que menys contribueix a l&#8217;estalvi energ\u00e8tic.<\/li>\n<li><strong>Optimitza l&#8217;\u00fas correcte de la calefacci\u00f3:<\/strong> la temperatura de l&#8217;habitaci\u00f3 ha de mantenir-se entre 19\u00b0 i 21 \u00b0C (l&#8217;ideal \u00e9s entre 15\u00b0 i 17 \u00b0C per a dormir). \u00c9s crucial recordar que per cada grau que pugem, usem un 8% m\u00e9s d&#8217;energia. Per a aconseguir un major estalvi que no entre en conflicte amb el confort t\u00e8rmic, el m\u00e9s pr\u00e0ctic \u00e9s programar la calefacci\u00f3 perqu\u00e8 s&#8217;encengui quan la temperatura ambient baixi de 14 o 15 graus i aix\u00ed no costi massa aconseguir la temperatura desitjada. A la nit, si tenim un bon a\u00efllament, com a finestres i\/o parets, podem apagar la calefacci\u00f3 perqu\u00e8 \u00e9s m\u00e9s f\u00e0cil mantenir la temperatura aconseguida durant el dia.<\/li>\n<li><strong>El reflector darrere del radiador<\/strong>, un truc senzill, facilita la distribuci\u00f3 de la calor per tota l&#8217;estada mitjan\u00e7ant l&#8217;efecte reboti. Segons l&#8217;OCU, pots estalviar entre un 10% i un 20% amb aquest sistema.<\/li>\n<li>Tamb\u00e9 aprofita totes les <strong>caracter\u00edstiques de les cortines<\/strong> (sobretot si tenen un alt grau d&#8217;opacitat) i <strong>estors<\/strong>: a m\u00e9s de regular el pas de la llum, tamb\u00e9 actuen com a a\u00efllant t\u00e8rmic. Aix\u00f2 s\u00ed, recorda que com m\u00e9s ens acostem al problema, m\u00e9s efica\u00e7 ser\u00e0 la soluci\u00f3, per la qual cosa si volem a\u00efllar-nos del fred exterior, unes persianes seran m\u00e9s eficaces que les cortines.<\/li>\n<li>Si les seves finestres actualment no estan ben a\u00efllades, asseguri&#8217;s de cobrir totes les possibles esquerdes, per exemple, amb rivets: aquesta \u00e9s una soluci\u00f3 econ\u00f2mica i f\u00e0cil d&#8217;instal\u00b7lar fins que pugui reempla\u00e7ar-les amb una soluci\u00f3 m\u00e9s eficient.<\/li>\n<li>La <strong>ventilaci\u00f3<\/strong> \u00e9s important, per\u00f2 perqu\u00e8 no s&#8217;escapi la calor de l&#8217;hivern o el fred de l&#8217;estiu, n&#8217;hi ha prou amb 10 o 15 minuts de ventilaci\u00f3. A m\u00e9s, en els mesos calorosos, es fa millor al mat\u00ed per a aprofitar les temperatures m\u00e9s fresques, i en els mesos d&#8217;hivern s\u00f3n millors per a optar per un moment m\u00e9s central del dia.<\/li>\n<\/ul>\n<p>Una vegada que comprens tots els punts anteriors, triar una tarifa d&#8217;energia que s&#8217;adapti a les teves necessitats de consum \u00e9s ideal per a aconseguir els estalvis esperats.<\/p>\n<table style=\"border-collapse: collapse; width: 100%;\">\n<tbody>\n<tr>\n<td style=\"width: 100%;\">\n<ul>\n<li><strong>Servei de manteniment<\/strong><\/li>\n<\/ul>\n<p>Els serveis de manteniment s\u00f3n una suma agregada per a protegir la llar, per\u00f2 tenen un cost addicional per mes. Ha de considerar el preu, la qual cosa cobreixen i si \u00e9s obligatori aparellar-los amb la tarifa el\u00e8ctrica.<\/p>\n<ul>\n<li><strong>Descomptes<\/strong><\/li>\n<\/ul>\n<p>Algunes tarifes el\u00e8ctriques ofereixen descomptes de llan\u00e7ament molt atraients. Cal anar amb compte amb ells i saber la durada aix\u00ed com l&#8217;import final abans i despr\u00e9s del descompte o promoci\u00f3.<\/p>\n<ul>\n<li><strong>Durabilitat<\/strong><\/li>\n<\/ul>\n<p>Has de tenir en compte que algunes tarifes el\u00e8ctriques i serveis de manteniment s\u00f3n permanents. \u00c9s important con\u00e8ixer la durada i la penalitzaci\u00f3 contractual en cas de resoluci\u00f3 prematura del contracte.<\/td>\n<\/tr>\n<\/tbody>\n<\/table>\n<blockquote><p><span style=\"font-size: 12pt;\">Per a contractar la <a href=\"https:\/\/preciogas.com\/tarifas\/luz\/mas-baratas\">companyia el\u00e8ctrica m\u00e9s barata<\/a> i de la millor manera, has de considerar les caracter\u00edstiques de la pr\u00f2pia companyia de la llum aix\u00ed com les caracter\u00edstiques de l&#8217;immoble que est\u00e0s contractant.<\/span><\/p><\/blockquote>\n","protected":false},"excerpt":{"rendered":"<p>Quan pensem en reformes d&#8217;habitatges, la finalitat \u00e9s \u00f2bvia: potenciar l&#8217;aspecte de la nostra llar, millorar el nostre confort i benestar, crear espais adaptats a tots els ocupants de la&#8230;<\/p>\n","protected":false},"author":1,"featured_media":15037,"comment_status":"open","ping_status":"open","sticky":false,"template":"","format":"standard","meta":{"footnotes":""},"categories":[696],"tags":[],"yoast_head":"<!-- This site is optimized with the Yoast SEO plugin v21.5 - https:\/\/yoast.com\/wordpress\/plugins\/seo\/ -->\n<title>Beneficis i estalvis en la reforma energ\u00e8tica de la llar | OAK 2000<\/title>\n<meta name=\"description\" content=\"L&#039;efici\u00e8ncia energ\u00e8tica, sustentabilitat i la lluita contra el canvi clim\u00e0tic i l&#039;efecte d&#039;hivernacle comen\u00e7a en les nostres pr\u00f2pies llars.\" \/>\n<meta name=\"robots\" content=\"index, follow, max-snippet:-1, max-image-preview:large, max-video-preview:-1\" \/>\n<link rel=\"canonical\" href=\"https:\/\/oak2000.com\/ca\/beneficis-i-estalvis-en-la-reforma-energetica-de-la-llar\/\" \/>\n<meta property=\"og:locale\" content=\"ca_ES\" \/>\n<meta property=\"og:type\" content=\"article\" \/>\n<meta property=\"og:title\" content=\"Beneficis i estalvis en la reforma energ\u00e8tica de la llar | OAK 2000\" \/>\n<meta property=\"og:description\" content=\"L&#039;efici\u00e8ncia energ\u00e8tica, sustentabilitat i la lluita contra el canvi clim\u00e0tic i l&#039;efecte d&#039;hivernacle comen\u00e7a en les nostres pr\u00f2pies llars.\" \/>\n<meta property=\"og:url\" content=\"https:\/\/oak2000.com\/ca\/beneficis-i-estalvis-en-la-reforma-energetica-de-la-llar\/\" \/>\n<meta property=\"og:site_name\" content=\"OAK 2000\" \/>\n<meta property=\"article:published_time\" content=\"2022-05-26T08:30:30+00:00\" \/>\n<meta property=\"article:modified_time\" content=\"2022-05-31T08:42:25+00:00\" \/>\n<meta property=\"og:image\" content=\"https:\/\/oak2000.com\/wp-content\/uploads\/2022\/05\/nasa-Q1p7bh3SHj8-unsplash-scaled.jpg\" \/>\n\t<meta property=\"og:image:width\" content=\"2560\" \/>\n\t<meta property=\"og:image:height\" content=\"1703\" \/>\n\t<meta property=\"og:image:type\" content=\"image\/jpeg\" \/>\n<meta name=\"author\" content=\"oak2000\" \/>\n<meta name=\"twitter:card\" content=\"summary_large_image\" \/>\n<meta name=\"twitter:label1\" content=\"Escrit per\" \/>\n\t<meta name=\"twitter:data1\" content=\"oak2000\" \/>\n\t<meta name=\"twitter:label2\" content=\"Temps estimat de lectura\" \/>\n\t<meta name=\"twitter:data2\" content=\"5 minuts\" \/>\n<script type=\"application\/ld+json\" class=\"yoast-schema-graph\">{\"@context\":\"https:\/\/schema.org\",\"@graph\":[{\"@type\":\"WebPage\",\"@id\":\"https:\/\/oak2000.com\/ca\/beneficis-i-estalvis-en-la-reforma-energetica-de-la-llar\/\",\"url\":\"https:\/\/oak2000.com\/ca\/beneficis-i-estalvis-en-la-reforma-energetica-de-la-llar\/\",\"name\":\"Beneficis i estalvis en la reforma energ\u00e8tica de la llar | OAK 2000\",\"isPartOf\":{\"@id\":\"https:\/\/oak2000.com\/#website\"},\"datePublished\":\"2022-05-26T08:30:30+00:00\",\"dateModified\":\"2022-05-31T08:42:25+00:00\",\"author\":{\"@id\":\"https:\/\/oak2000.com\/#\/schema\/person\/4f481b3104486bfc65469e2fe80c54ac\"},\"description\":\"L'efici\u00e8ncia energ\u00e8tica, sustentabilitat i la lluita contra el canvi clim\u00e0tic i l'efecte d'hivernacle comen\u00e7a en les nostres pr\u00f2pies llars.\",\"breadcrumb\":{\"@id\":\"https:\/\/oak2000.com\/ca\/beneficis-i-estalvis-en-la-reforma-energetica-de-la-llar\/#breadcrumb\"},\"inLanguage\":\"ca\",\"potentialAction\":[{\"@type\":\"ReadAction\",\"target\":[\"https:\/\/oak2000.com\/ca\/beneficis-i-estalvis-en-la-reforma-energetica-de-la-llar\/\"]}]},{\"@type\":\"BreadcrumbList\",\"@id\":\"https:\/\/oak2000.com\/ca\/beneficis-i-estalvis-en-la-reforma-energetica-de-la-llar\/#breadcrumb\",\"itemListElement\":[{\"@type\":\"ListItem\",\"position\":1,\"name\":\"Portada\",\"item\":\"https:\/\/oak2000.com\/\"},{\"@type\":\"ListItem\",\"position\":2,\"name\":\"Beneficis i estalvis en la reforma energ\u00e8tica de la llar\"}]},{\"@type\":\"WebSite\",\"@id\":\"https:\/\/oak2000.com\/#website\",\"url\":\"https:\/\/oak2000.com\/\",\"name\":\"OAK 2000\",\"description\":\"\",\"potentialAction\":[{\"@type\":\"SearchAction\",\"target\":{\"@type\":\"EntryPoint\",\"urlTemplate\":\"https:\/\/oak2000.com\/?s={search_term_string}\"},\"query-input\":\"required name=search_term_string\"}],\"inLanguage\":\"ca\"},{\"@type\":\"Person\",\"@id\":\"https:\/\/oak2000.com\/#\/schema\/person\/4f481b3104486bfc65469e2fe80c54ac\",\"name\":\"oak2000\",\"image\":{\"@type\":\"ImageObject\",\"inLanguage\":\"ca\",\"@id\":\"https:\/\/oak2000.com\/#\/schema\/person\/image\/\",\"url\":\"https:\/\/oak2000.com\/wp-content\/uploads\/2025\/02\/cropped-favicon-100x100.png\",\"contentUrl\":\"https:\/\/oak2000.com\/wp-content\/uploads\/2025\/02\/cropped-favicon-100x100.png\",\"caption\":\"oak2000\"}}]}<\/script>\n<!-- \/ Yoast SEO plugin. -->","yoast_head_json":{"title":"Beneficis i estalvis en la reforma energ\u00e8tica de la llar | OAK 2000","description":"L'efici\u00e8ncia energ\u00e8tica, sustentabilitat i la lluita contra el canvi clim\u00e0tic i l'efecte d'hivernacle comen\u00e7a en les nostres pr\u00f2pies llars.","robots":{"index":"index","follow":"follow","max-snippet":"max-snippet:-1","max-image-preview":"max-image-preview:large","max-video-preview":"max-video-preview:-1"},"canonical":"https:\/\/oak2000.com\/ca\/beneficis-i-estalvis-en-la-reforma-energetica-de-la-llar\/","og_locale":"ca_ES","og_type":"article","og_title":"Beneficis i estalvis en la reforma energ\u00e8tica de la llar | OAK 2000","og_description":"L'efici\u00e8ncia energ\u00e8tica, sustentabilitat i la lluita contra el canvi clim\u00e0tic i l'efecte d'hivernacle comen\u00e7a en les nostres pr\u00f2pies llars.","og_url":"https:\/\/oak2000.com\/ca\/beneficis-i-estalvis-en-la-reforma-energetica-de-la-llar\/","og_site_name":"OAK 2000","article_published_time":"2022-05-26T08:30:30+00:00","article_modified_time":"2022-05-31T08:42:25+00:00","og_image":[{"width":2560,"height":1703,"url":"https:\/\/oak2000.com\/wp-content\/uploads\/2022\/05\/nasa-Q1p7bh3SHj8-unsplash-scaled.jpg","type":"image\/jpeg"}],"author":"oak2000","twitter_card":"summary_large_image","twitter_misc":{"Escrit per":"oak2000","Temps estimat de lectura":"5 minuts"},"schema":{"@context":"https:\/\/schema.org","@graph":[{"@type":"WebPage","@id":"https:\/\/oak2000.com\/ca\/beneficis-i-estalvis-en-la-reforma-energetica-de-la-llar\/","url":"https:\/\/oak2000.com\/ca\/beneficis-i-estalvis-en-la-reforma-energetica-de-la-llar\/","name":"Beneficis i estalvis en la reforma energ\u00e8tica de la llar | OAK 2000","isPartOf":{"@id":"https:\/\/oak2000.com\/#website"},"datePublished":"2022-05-26T08:30:30+00:00","dateModified":"2022-05-31T08:42:25+00:00","author":{"@id":"https:\/\/oak2000.com\/#\/schema\/person\/4f481b3104486bfc65469e2fe80c54ac"},"description":"L'efici\u00e8ncia energ\u00e8tica, sustentabilitat i la lluita contra el canvi clim\u00e0tic i l'efecte d'hivernacle comen\u00e7a en les nostres pr\u00f2pies llars.","breadcrumb":{"@id":"https:\/\/oak2000.com\/ca\/beneficis-i-estalvis-en-la-reforma-energetica-de-la-llar\/#breadcrumb"},"inLanguage":"ca","potentialAction":[{"@type":"ReadAction","target":["https:\/\/oak2000.com\/ca\/beneficis-i-estalvis-en-la-reforma-energetica-de-la-llar\/"]}]},{"@type":"BreadcrumbList","@id":"https:\/\/oak2000.com\/ca\/beneficis-i-estalvis-en-la-reforma-energetica-de-la-llar\/#breadcrumb","itemListElement":[{"@type":"ListItem","position":1,"name":"Portada","item":"https:\/\/oak2000.com\/"},{"@type":"ListItem","position":2,"name":"Beneficis i estalvis en la reforma energ\u00e8tica de la llar"}]},{"@type":"WebSite","@id":"https:\/\/oak2000.com\/#website","url":"https:\/\/oak2000.com\/","name":"OAK 2000","description":"","potentialAction":[{"@type":"SearchAction","target":{"@type":"EntryPoint","urlTemplate":"https:\/\/oak2000.com\/?s={search_term_string}"},"query-input":"required name=search_term_string"}],"inLanguage":"ca"},{"@type":"Person","@id":"https:\/\/oak2000.com\/#\/schema\/person\/4f481b3104486bfc65469e2fe80c54ac","name":"oak2000","image":{"@type":"ImageObject","inLanguage":"ca","@id":"https:\/\/oak2000.com\/#\/schema\/person\/image\/","url":"https:\/\/oak2000.com\/wp-content\/uploads\/2025\/02\/cropped-favicon-100x100.png","contentUrl":"https:\/\/oak2000.com\/wp-content\/uploads\/2025\/02\/cropped-favicon-100x100.png","caption":"oak2000"}}]}},"_links":{"self":[{"href":"https:\/\/oak2000.com\/ca\/wp-json\/wp\/v2\/posts\/15050"}],"collection":[{"href":"https:\/\/oak2000.com\/ca\/wp-json\/wp\/v2\/posts"}],"about":[{"href":"https:\/\/oak2000.com\/ca\/wp-json\/wp\/v2\/types\/post"}],"author":[{"embeddable":true,"href":"https:\/\/oak2000.com\/ca\/wp-json\/wp\/v2\/users\/1"}],"replies":[{"embeddable":true,"href":"https:\/\/oak2000.com\/ca\/wp-json\/wp\/v2\/comments?post=15050"}],"version-history":[{"count":1,"href":"https:\/\/oak2000.com\/ca\/wp-json\/wp\/v2\/posts\/15050\/revisions"}],"predecessor-version":[{"id":15052,"href":"https:\/\/oak2000.com\/ca\/wp-json\/wp\/v2\/posts\/15050\/revisions\/15052"}],"wp:featuredmedia":[{"embeddable":true,"href":"https:\/\/oak2000.com\/ca\/wp-json\/wp\/v2\/media\/15037"}],"wp:attachment":[{"href":"https:\/\/oak2000.com\/ca\/wp-json\/wp\/v2\/media?parent=15050"}],"wp:term":[{"taxonomy":"category","embeddable":true,"href":"https:\/\/oak2000.com\/ca\/wp-json\/wp\/v2\/categories?post=15050"},{"taxonomy":"post_tag","embeddable":true,"href":"https:\/\/oak2000.com\/ca\/wp-json\/wp\/v2\/tags?post=15050"}],"curies":[{"name":"wp","href":"https:\/\/api.w.org\/{rel}","templated":true}]}}