{"id":15027,"date":"2022-05-18T10:30:10","date_gmt":"2022-05-18T08:30:10","guid":{"rendered":"https:\/\/oak2000.com\/?p=15027"},"modified":"2022-05-18T12:38:21","modified_gmt":"2022-05-18T10:38:21","slug":"llums-de-disseny-iconiques","status":"publish","type":"post","link":"https:\/\/oak2000.com\/ca\/llums-de-disseny-iconiques\/","title":{"rendered":"Llums de disseny ic\u00f2niques"},"content":{"rendered":"<p>L&#8217;element decoratiu m\u00e9s utilitzat al llarg de la hist\u00f2ria per a poder il\u00b7luminar qualsevol estada s\u00f3n els <strong>llums<\/strong>. Sens dubte la pe\u00e7a clau en tot projecte o espai interior.<\/p>\n<p>Farem un rep\u00e0s pels llums m\u00e9s representatius de l&#8217;\u00faltim segle creades pels millors dissenyadors i que han marcat un estil convertint-se en icones de disseny.<\/p>\n<h2><strong>Els 5 llums de disseny m\u00e9s famoses de la hist\u00f2ria<\/strong><\/h2>\n<h3><strong>PH5 (1931) \u2013 Poul Henningsen<\/strong><\/h3>\n<p>Un dels <strong>dissenys m\u00e9s reconeguts<\/strong> del disseny dan\u00e8s. Aquest <strong>llum de disseny de sostre<\/strong> est\u00e0 formada per tres pantalles, la llumin\u00e0ria projecta tant llum cap avall com llum lateral, il\u00b7luminant-se a si mateixa. Despr\u00e9s de gaireb\u00e9 100 anys continua tenint un aspecte innovador.<\/p>\n<p><img decoding=\"async\" loading=\"lazy\" class=\"aligncenter size-full wp-image-12792\" src=\"https:\/\/oak2000.com\/wp-content\/uploads\/2020\/07\/lamparas-diseno-iconicas-13.jpg\" alt=\"L\u00e1mparas de dise\u00f1o ic\u00f3nicas\" width=\"564\" height=\"564\" srcset=\"https:\/\/oak2000.com\/wp-content\/uploads\/2020\/07\/lamparas-diseno-iconicas-13.jpg 564w, https:\/\/oak2000.com\/wp-content\/uploads\/2020\/07\/lamparas-diseno-iconicas-13-300x300.jpg 300w, https:\/\/oak2000.com\/wp-content\/uploads\/2020\/07\/lamparas-diseno-iconicas-13-150x150.jpg 150w, https:\/\/oak2000.com\/wp-content\/uploads\/2020\/07\/lamparas-diseno-iconicas-13-100x100.jpg 100w, https:\/\/oak2000.com\/wp-content\/uploads\/2020\/07\/lamparas-diseno-iconicas-13-140x140.jpg 140w, https:\/\/oak2000.com\/wp-content\/uploads\/2020\/07\/lamparas-diseno-iconicas-13-500x500.jpg 500w, https:\/\/oak2000.com\/wp-content\/uploads\/2020\/07\/lamparas-diseno-iconicas-13-350x350.jpg 350w\" sizes=\"(max-width: 564px) 100vw, 564px\" \/><\/p>\n<h3><strong>Anglepoise (1934) \u2013 George Carwardine<\/strong><\/h3>\n<p>Reconeguda f\u00e0cilment per ser imatge de pel\u00b7l\u00edcules infantils per la productora cinematogr\u00e0fica Pixar. \u00c9s una icona del disseny de mobiliari d&#8217;oficina i una dels llums de disseny m\u00e9s famoses de la televisi\u00f3.<\/p>\n<h3><img decoding=\"async\" loading=\"lazy\" class=\"aligncenter wp-image-12794 size-full\" title=\"L\u00e1mparas de dise\u00f1o ic\u00f3nicas\" src=\"https:\/\/oak2000.com\/wp-content\/uploads\/2020\/07\/lamparas-diseno-iconicas-8.jpg\" alt=\"L\u00e1mparas de dise\u00f1o ic\u00f3nicas\" width=\"564\" height=\"564\" srcset=\"https:\/\/oak2000.com\/wp-content\/uploads\/2020\/07\/lamparas-diseno-iconicas-8.jpg 564w, https:\/\/oak2000.com\/wp-content\/uploads\/2020\/07\/lamparas-diseno-iconicas-8-300x300.jpg 300w, https:\/\/oak2000.com\/wp-content\/uploads\/2020\/07\/lamparas-diseno-iconicas-8-150x150.jpg 150w, https:\/\/oak2000.com\/wp-content\/uploads\/2020\/07\/lamparas-diseno-iconicas-8-100x100.jpg 100w, https:\/\/oak2000.com\/wp-content\/uploads\/2020\/07\/lamparas-diseno-iconicas-8-140x140.jpg 140w, https:\/\/oak2000.com\/wp-content\/uploads\/2020\/07\/lamparas-diseno-iconicas-8-500x500.jpg 500w, https:\/\/oak2000.com\/wp-content\/uploads\/2020\/07\/lamparas-diseno-iconicas-8-350x350.jpg 350w\" sizes=\"(max-width: 564px) 100vw, 564px\" \/><\/h3>\n<h3><strong>AJ (1957) \u2013 Arne Jacobsen<\/strong><\/h3>\n<p>Dissenyada per a l&#8217;hotel SAS Royal de Copenhaguen per un dels grans dissenyadors danesos. La trobem en versi\u00f3 dempeus i de taula, destaca el seu difusor giratori i l&#8217;obertura que t\u00e9 en la base per a fer-la m\u00e9s lleugera.<\/p>\n<h3><img decoding=\"async\" loading=\"lazy\" class=\"aligncenter wp-image-12796 size-full\" title=\"L\u00e1mparas de dise\u00f1o ic\u00f3nicas\" src=\"https:\/\/oak2000.com\/wp-content\/uploads\/2020\/07\/lamparas-diseno-iconicas-7.jpg\" alt=\"L\u00e1mparas de dise\u00f1o ic\u00f3nicas\" width=\"564\" height=\"705\" srcset=\"https:\/\/oak2000.com\/wp-content\/uploads\/2020\/07\/lamparas-diseno-iconicas-7.jpg 564w, https:\/\/oak2000.com\/wp-content\/uploads\/2020\/07\/lamparas-diseno-iconicas-7-240x300.jpg 240w\" sizes=\"(max-width: 564px) 100vw, 564px\" \/><\/h3>\n<h3><strong>Disa (1957) \u2013 Jos\u00e9 Antonio Corderch<\/strong><\/h3>\n<p>Un dels grans dissenys de l&#8217;arquitecte i dissenyador barcelon\u00ed va ser aquest llum dempeus fam\u00f3s ja des de fa molt. Aquest llum amb forma de carabassa est\u00e0 formada per fines fulles de fusta que se subjecten per fiadors. Un gran disseny que ha estat premiat en nombroses ocasions en diferents pa\u00efsos.<\/p>\n<h3><img decoding=\"async\" loading=\"lazy\" class=\"aligncenter size-full wp-image-12798\" src=\"https:\/\/oak2000.com\/wp-content\/uploads\/2020\/07\/lamparas-diseno-iconicas-10.jpg\" alt=\"L\u00e1mparas de dise\u00f1o ic\u00f3nicas\" width=\"558\" height=\"700\" srcset=\"https:\/\/oak2000.com\/wp-content\/uploads\/2020\/07\/lamparas-diseno-iconicas-10.jpg 558w, https:\/\/oak2000.com\/wp-content\/uploads\/2020\/07\/lamparas-diseno-iconicas-10-239x300.jpg 239w\" sizes=\"(max-width: 558px) 100vw, 558px\" \/><\/h3>\n<h3><strong>Artichoke (1958) \u2013 Poul Henningsen<\/strong><\/h3>\n<p>Inspirada en la forma d&#8217;una carxofa est\u00e0 composta per 72 l\u00e0mines que desvien i redirigeixen la llum. Actualment \u00e9s un dels models m\u00e9s replicats per diferents cases de llumin\u00e0ries. \u00c9s un de models m\u00e9s coneguts del disseny escandinau. A m\u00e9s de ser, \u00e9s clar, una dels llums de sostre de disseny de dissenyadors famosos que m\u00e9s han perdurat i, en general, una dels llums de disseny m\u00e9s ic\u00f2niques de la hist\u00f2ria.<\/p>\n<h2><img decoding=\"async\" loading=\"lazy\" class=\"aligncenter size-full wp-image-12800\" src=\"https:\/\/oak2000.com\/wp-content\/uploads\/2020\/07\/lamparas-diseno-iconicas-9.jpg\" alt=\"L\u00e1mparas de dise\u00f1o ic\u00f3nicas\" width=\"564\" height=\"564\" srcset=\"https:\/\/oak2000.com\/wp-content\/uploads\/2020\/07\/lamparas-diseno-iconicas-9.jpg 564w, https:\/\/oak2000.com\/wp-content\/uploads\/2020\/07\/lamparas-diseno-iconicas-9-300x300.jpg 300w, https:\/\/oak2000.com\/wp-content\/uploads\/2020\/07\/lamparas-diseno-iconicas-9-150x150.jpg 150w, https:\/\/oak2000.com\/wp-content\/uploads\/2020\/07\/lamparas-diseno-iconicas-9-100x100.jpg 100w, https:\/\/oak2000.com\/wp-content\/uploads\/2020\/07\/lamparas-diseno-iconicas-9-140x140.jpg 140w, https:\/\/oak2000.com\/wp-content\/uploads\/2020\/07\/lamparas-diseno-iconicas-9-500x500.jpg 500w, https:\/\/oak2000.com\/wp-content\/uploads\/2020\/07\/lamparas-diseno-iconicas-9-350x350.jpg 350w\" sizes=\"(max-width: 564px) 100vw, 564px\" \/><\/h2>\n<h2><strong>Llums ic\u00f2nics de dissenyadors famosos<\/strong><\/h2>\n<h3><strong>TMC (1961) \u2013 Miguel Mil\u00e1<\/strong><\/h3>\n<p>Fue dissenyada per a la signatura Santa&amp;Col\u00b7le i \u00e9s una de les peces m\u00e9s conegudes del dissenyador. Est\u00e0 formada per una pantalla que es pot regular en altura. Premiada amb el ADI FAD 1961 continua sent una pe\u00e7a que encaixa perfectament en una estada actual.<\/p>\n<h3><img decoding=\"async\" loading=\"lazy\" class=\"aligncenter size-full wp-image-12802\" src=\"https:\/\/oak2000.com\/wp-content\/uploads\/2020\/07\/lamparas-diseno-iconicas-1.jpg\" alt=\"L\u00e1mparas de dise\u00f1o ic\u00f3nicas\" width=\"564\" height=\"376\" srcset=\"https:\/\/oak2000.com\/wp-content\/uploads\/2020\/07\/lamparas-diseno-iconicas-1.jpg 564w, https:\/\/oak2000.com\/wp-content\/uploads\/2020\/07\/lamparas-diseno-iconicas-1-300x200.jpg 300w\" sizes=\"(max-width: 564px) 100vw, 564px\" \/><\/h3>\n<h3><strong>Arc (1962) &#8211; Achille i Pier Giacomo Castiglioni<\/strong><\/h3>\n<p>Dissenyat pels germans per a la signatura Flos, \u00e9s una dels llums m\u00e9s reconeguts en el panorama internacional, <strong>es caracteritza per la seva estructura corbada i una base en marbre<\/strong> de Carrara. Destaca per la il\u00b7luminaci\u00f3 directa que ens proporciona sense necessitat d&#8217;un punt en el sostre.<\/p>\n<h3><img decoding=\"async\" loading=\"lazy\" class=\"aligncenter size-full wp-image-12804\" src=\"https:\/\/oak2000.com\/wp-content\/uploads\/2020\/07\/lamparas-diseno-iconicas-6.jpg\" alt=\"L\u00e1mparas de dise\u00f1o ic\u00f3nicas\" width=\"429\" height=\"450\" srcset=\"https:\/\/oak2000.com\/wp-content\/uploads\/2020\/07\/lamparas-diseno-iconicas-6.jpg 429w, https:\/\/oak2000.com\/wp-content\/uploads\/2020\/07\/lamparas-diseno-iconicas-6-286x300.jpg 286w\" sizes=\"(max-width: 429px) 100vw, 429px\" \/><\/h3>\n<h3><strong>Cistella (1946) \u2013 Miguel Mil\u00e1<\/strong><\/h3>\n<p>Amb forma oval i estructura de fusta, fa d&#8217;aquesta pe\u00e7a un objecte-llum que podem col\u00b7locar-la sobre una taula o en el s\u00f2l.<\/p>\n<p><img decoding=\"async\" loading=\"lazy\" class=\"aligncenter size-full wp-image-12806\" src=\"https:\/\/oak2000.com\/wp-content\/uploads\/2020\/07\/lamparas-diseno-iconicas-5.jpg\" alt=\"L\u00e1mparas de dise\u00f1o ic\u00f3nicas\" width=\"564\" height=\"423\" srcset=\"https:\/\/oak2000.com\/wp-content\/uploads\/2020\/07\/lamparas-diseno-iconicas-5.jpg 564w, https:\/\/oak2000.com\/wp-content\/uploads\/2020\/07\/lamparas-diseno-iconicas-5-300x225.jpg 300w\" sizes=\"(max-width: 564px) 100vw, 564px\" \/><\/p>\n<h3><\/h3>\n<h3><strong>Nesso (1967) \u2013 Giancarlo Mattioli<\/strong><\/h3>\n<p>Llum ic\u00f2nic dels anys 60 per a la signatura Artemide. Disseny que combina les corbes fluides amb la sensibilitat minimalista del disseny intemporal.<\/p>\n<h3><img decoding=\"async\" loading=\"lazy\" class=\"aligncenter size-full wp-image-12808\" src=\"https:\/\/oak2000.com\/wp-content\/uploads\/2020\/07\/lamparas-diseno-iconicas-12.jpg\" alt=\"L\u00e1mparas de dise\u00f1o ic\u00f3nicas\" width=\"563\" height=\"513\" srcset=\"https:\/\/oak2000.com\/wp-content\/uploads\/2020\/07\/lamparas-diseno-iconicas-12.jpg 563w, https:\/\/oak2000.com\/wp-content\/uploads\/2020\/07\/lamparas-diseno-iconicas-12-300x273.jpg 300w\" sizes=\"(max-width: 563px) 100vw, 563px\" \/><\/h3>\n<h3><strong>Flower Pot (1968) \u2013 Verner Panton<\/strong><\/h3>\n<p>Composta per dues c\u00e0psules oposades en acer lacat fa que aquest disseny dels anys 70 continu\u00ef sent actual.<\/p>\n<h3><img decoding=\"async\" loading=\"lazy\" class=\"aligncenter size-full wp-image-12810\" src=\"https:\/\/oak2000.com\/wp-content\/uploads\/2020\/07\/lamparas-diseno-iconicas-11.jpg\" alt=\"L\u00e1mparas de dise\u00f1o ic\u00f3nicas\" width=\"563\" height=\"513\" srcset=\"https:\/\/oak2000.com\/wp-content\/uploads\/2020\/07\/lamparas-diseno-iconicas-11.jpg 563w, https:\/\/oak2000.com\/wp-content\/uploads\/2020\/07\/lamparas-diseno-iconicas-11-300x273.jpg 300w\" sizes=\"(max-width: 563px) 100vw, 563px\" \/><\/h3>\n<h3><\/h3>\n<h3><strong>Atollo (1977) \u2013 Vico Magistretti<\/strong><\/h3>\n<p>La seva imatge geom\u00e8trica formada per un con cil\u00edndric i culminada amb una pantalla hemisf\u00e8rica realitzada en cristall de Murano. Dissenyada per a l&#8217;empresa de disseny Oluce \u00e9s un una pe\u00e7a m\u00e9s importants del disseny itali\u00e0.<\/p>\n<h2><img decoding=\"async\" loading=\"lazy\" class=\"aligncenter size-full wp-image-12812\" src=\"https:\/\/oak2000.com\/wp-content\/uploads\/2020\/07\/lamparas-diseno-iconicas-3.jpg\" alt=\"L\u00e1mparas de dise\u00f1o ic\u00f3nicas\" width=\"564\" height=\"845\" srcset=\"https:\/\/oak2000.com\/wp-content\/uploads\/2020\/07\/lamparas-diseno-iconicas-3.jpg 564w, https:\/\/oak2000.com\/wp-content\/uploads\/2020\/07\/lamparas-diseno-iconicas-3-200x300.jpg 200w\" sizes=\"(max-width: 564px) 100vw, 564px\" \/><\/h2>\n<h3><\/h3>\n<h3><strong>Tolomeo (1987) \u2013 Michele de Lucchi i Giancarlo Fassina<\/strong><\/h3>\n<p>Dissenyada per a la signatura Artemide \u00e9s un dels dissenys m\u00e9s populars actualment. \u00c9s un llum molt vers\u00e0til quant a moviments ja que compta amb un bra\u00e7 giratori de doble articulaci\u00f3, la qual cosa ens permet il\u00b7luminar qualsevol punt.<\/p>\n<h2><\/h2>\n<h2><strong><img decoding=\"async\" loading=\"lazy\" class=\"aligncenter size-full wp-image-12814\" src=\"https:\/\/oak2000.com\/wp-content\/uploads\/2020\/07\/lamparas-diseno-iconicas-2.jpg\" alt=\"L\u00e1mparas de dise\u00f1o ic\u00f3nicas\" width=\"564\" height=\"761\" srcset=\"https:\/\/oak2000.com\/wp-content\/uploads\/2020\/07\/lamparas-diseno-iconicas-2.jpg 564w, https:\/\/oak2000.com\/wp-content\/uploads\/2020\/07\/lamparas-diseno-iconicas-2-222x300.jpg 222w\" sizes=\"(max-width: 564px) 100vw, 564px\" \/><\/strong><\/h2>\n<h2><strong>Els llums de disseny m\u00e9s famoses de la TV i el cinema<\/strong><\/h2>\n<p>La pantalla gran \u00e9s un escenari perfecte per a inspirar-nos a l&#8217;hora de crear els nostres i hi ha escenes de pel\u00b7l\u00edcules mundialment conegudes que justament destaquen pels seus llums ic\u00f2nics.<\/p>\n<h3><strong>Bourgie Kartell (2004) \u2013 Ferruccio Laviani<\/strong><\/h3>\n<p>Una dels llums m\u00e9s famosos del cinema \u00e9s el model Bourgie, un llum de disseny itali\u00e0, creada per a la signatura Kartell, una signatura tamb\u00e9 italiana. L&#8217;estil d&#8217;aquest llum que vam poder veure en la pel\u00b7l\u00edcula \u201cEl diable vesteix de Prada\u201d \u00e9s inconfusible i part de tres potes creuades amb una pantalla gran d&#8217;estil plisado.<\/p>\n<h3><strong><img decoding=\"async\" loading=\"lazy\" class=\"aligncenter size-full wp-image-15019\" src=\"https:\/\/oak2000.com\/wp-content\/uploads\/2020\/07\/bourgie-el-diablo-viste-de-prada.jpg\" alt=\"L\u00e1mparas de dise\u00f1o ic\u00f3nicas\" width=\"670\" height=\"335\" srcset=\"https:\/\/oak2000.com\/wp-content\/uploads\/2020\/07\/bourgie-el-diablo-viste-de-prada.jpg 670w, https:\/\/oak2000.com\/wp-content\/uploads\/2020\/07\/bourgie-el-diablo-viste-de-prada-300x150.jpg 300w\" sizes=\"(max-width: 670px) 100vw, 670px\" \/><\/strong><\/h3>\n<h3><strong>Ktribe (2005 \/2007) \u2013 Philippe Starck<\/strong><\/h3>\n<p>Ktribe \u00e9s una col\u00b7lecci\u00f3 de llums que el dissenyador franc\u00e8s Philppe Starck va crear per a la signatura Flos, d&#8217;origen itali\u00e0. \u00c9s una de les obres m\u00e9s representatives de l&#8217;autor, per\u00f2 no l&#8217;\u00fanica. Mereix un especial esment perqu\u00e8 els dissenys, que es barregen tant amb la tradici\u00f3 com amb la modernitat i funcionalitat, han arribat a apar\u00e8ixer en moltes pel\u00b7l\u00edcules com \u201cThe Avengers, aix\u00ed com en la s\u00e8rie \u201cThe Killing\u201d.<\/p>\n<h3><strong><img decoding=\"async\" loading=\"lazy\" class=\"aligncenter size-full wp-image-15023\" src=\"https:\/\/oak2000.com\/wp-content\/uploads\/2020\/07\/ktribe-flos-james-bond-quatum-of-solace.jpg\" alt=\"L\u00e1mparas de dise\u00f1o ic\u00f3nicas\" width=\"670\" height=\"335\" srcset=\"https:\/\/oak2000.com\/wp-content\/uploads\/2020\/07\/ktribe-flos-james-bond-quatum-of-solace.jpg 670w, https:\/\/oak2000.com\/wp-content\/uploads\/2020\/07\/ktribe-flos-james-bond-quatum-of-solace-300x150.jpg 300w\" sizes=\"(max-width: 670px) 100vw, 670px\" \/><\/strong><\/h3>\n<h3><strong>Koi, Saturnia i Fuita &#8211; LZF Lamps<\/strong><\/h3>\n<p>Est\u00e0s tres s\u00e8ries de llums ic\u00f2nics m\u00e9s moderns s&#8217;han tornat populars per ser presents en els decorats del programa televisiu \u201cM\u00e0ster Xef\u201d. Els dissenys es caracteritzen per ser artesanals i estar realitzats amb fusta natural. Tamb\u00e9 destaquen pels seus originals i particulars propostes innovadores.<\/p>\n<p><img decoding=\"async\" loading=\"lazy\" class=\"size-large wp-image-15021\" src=\"https:\/\/oak2000.com\/wp-content\/uploads\/2020\/07\/francisco-segarra-colaborador-restaurante-masterchef-4-1024x603.jpg\" alt=\"L\u00e1mparas de dise\u00f1o ic\u00f3nicas\" width=\"1024\" height=\"603\" srcset=\"https:\/\/oak2000.com\/wp-content\/uploads\/2020\/07\/francisco-segarra-colaborador-restaurante-masterchef-4-1024x603.jpg 1024w, https:\/\/oak2000.com\/wp-content\/uploads\/2020\/07\/francisco-segarra-colaborador-restaurante-masterchef-4-300x177.jpg 300w, https:\/\/oak2000.com\/wp-content\/uploads\/2020\/07\/francisco-segarra-colaborador-restaurante-masterchef-4-768x452.jpg 768w, https:\/\/oak2000.com\/wp-content\/uploads\/2020\/07\/francisco-segarra-colaborador-restaurante-masterchef-4.jpg 1500w\" sizes=\"(max-width: 1024px) 100vw, 1024px\" \/><\/p>\n<div class=\"traductor-textarea form-group\">\n<div class=\"textarea-desti col-xs-12 col-sm-6\">\n<div><\/div>\n<blockquote>\n<div class=\"form-control second-textarea\"><span style=\"font-size: 14pt;\">Necessites ajuda o consell d&#8217;un professional? No dubtis a <a href=\"https:\/\/oak2000.com\/ca\/contacte\/\">contactar amb nosaltres<\/a>!<\/span><\/div>\n<\/blockquote>\n<\/div>\n<\/div>\n","protected":false},"excerpt":{"rendered":"<p>L&#8217;element decoratiu m\u00e9s utilitzat al llarg de la hist\u00f2ria per a poder il\u00b7luminar qualsevol estada s\u00f3n els llums. Sens dubte la pe\u00e7a clau en tot projecte o espai interior. Farem&#8230;<\/p>\n","protected":false},"author":1,"featured_media":12790,"comment_status":"open","ping_status":"open","sticky":false,"template":"","format":"standard","meta":{"footnotes":""},"categories":[696],"tags":[],"yoast_head":"<!-- This site is optimized with the Yoast SEO plugin v21.5 - https:\/\/yoast.com\/wordpress\/plugins\/seo\/ -->\n<title>Llums de disseny ic\u00f2niques que has de con\u00e8ixer | OAK 2000<\/title>\n<meta name=\"description\" content=\"Repassem els llums m\u00e9s representatius de l&#039;\u00faltim segle creades pels millors dissenyadors i que s&#039;han convertit en icones de disseny.\" \/>\n<meta name=\"robots\" content=\"index, follow, max-snippet:-1, max-image-preview:large, max-video-preview:-1\" \/>\n<link rel=\"canonical\" href=\"https:\/\/oak2000.com\/ca\/llums-de-disseny-iconiques\/\" \/>\n<meta property=\"og:locale\" content=\"ca_ES\" \/>\n<meta property=\"og:type\" content=\"article\" \/>\n<meta property=\"og:title\" content=\"Llums de disseny ic\u00f2niques que has de con\u00e8ixer | OAK 2000\" \/>\n<meta property=\"og:description\" content=\"Repassem els llums m\u00e9s representatius de l&#039;\u00faltim segle creades pels millors dissenyadors i que s&#039;han convertit en icones de disseny.\" \/>\n<meta property=\"og:url\" content=\"https:\/\/oak2000.com\/ca\/llums-de-disseny-iconiques\/\" \/>\n<meta property=\"og:site_name\" content=\"OAK 2000\" \/>\n<meta property=\"article:published_time\" content=\"2022-05-18T08:30:10+00:00\" \/>\n<meta property=\"article:modified_time\" content=\"2022-05-18T10:38:21+00:00\" \/>\n<meta property=\"og:image\" content=\"https:\/\/oak2000.com\/wp-content\/uploads\/2020\/07\/lamparas-diseno-iconicas-4.jpg\" \/>\n\t<meta property=\"og:image:width\" content=\"564\" \/>\n\t<meta property=\"og:image:height\" content=\"843\" \/>\n\t<meta property=\"og:image:type\" content=\"image\/jpeg\" \/>\n<meta name=\"author\" content=\"oak2000\" \/>\n<meta name=\"twitter:card\" content=\"summary_large_image\" \/>\n<meta name=\"twitter:label1\" content=\"Escrit per\" \/>\n\t<meta name=\"twitter:data1\" content=\"oak2000\" \/>\n\t<meta name=\"twitter:label2\" content=\"Temps estimat de lectura\" \/>\n\t<meta name=\"twitter:data2\" content=\"4 minuts\" \/>\n<script type=\"application\/ld+json\" class=\"yoast-schema-graph\">{\"@context\":\"https:\/\/schema.org\",\"@graph\":[{\"@type\":\"WebPage\",\"@id\":\"https:\/\/oak2000.com\/ca\/llums-de-disseny-iconiques\/\",\"url\":\"https:\/\/oak2000.com\/ca\/llums-de-disseny-iconiques\/\",\"name\":\"Llums de disseny ic\u00f2niques que has de con\u00e8ixer | OAK 2000\",\"isPartOf\":{\"@id\":\"https:\/\/oak2000.com\/#website\"},\"datePublished\":\"2022-05-18T08:30:10+00:00\",\"dateModified\":\"2022-05-18T10:38:21+00:00\",\"author\":{\"@id\":\"https:\/\/oak2000.com\/#\/schema\/person\/4f481b3104486bfc65469e2fe80c54ac\"},\"description\":\"Repassem els llums m\u00e9s representatius de l'\u00faltim segle creades pels millors dissenyadors i que s'han convertit en icones de disseny.\",\"breadcrumb\":{\"@id\":\"https:\/\/oak2000.com\/ca\/llums-de-disseny-iconiques\/#breadcrumb\"},\"inLanguage\":\"ca\",\"potentialAction\":[{\"@type\":\"ReadAction\",\"target\":[\"https:\/\/oak2000.com\/ca\/llums-de-disseny-iconiques\/\"]}]},{\"@type\":\"BreadcrumbList\",\"@id\":\"https:\/\/oak2000.com\/ca\/llums-de-disseny-iconiques\/#breadcrumb\",\"itemListElement\":[{\"@type\":\"ListItem\",\"position\":1,\"name\":\"Portada\",\"item\":\"https:\/\/oak2000.com\/\"},{\"@type\":\"ListItem\",\"position\":2,\"name\":\"Llums de disseny ic\u00f2niques\"}]},{\"@type\":\"WebSite\",\"@id\":\"https:\/\/oak2000.com\/#website\",\"url\":\"https:\/\/oak2000.com\/\",\"name\":\"OAK 2000\",\"description\":\"\",\"potentialAction\":[{\"@type\":\"SearchAction\",\"target\":{\"@type\":\"EntryPoint\",\"urlTemplate\":\"https:\/\/oak2000.com\/?s={search_term_string}\"},\"query-input\":\"required name=search_term_string\"}],\"inLanguage\":\"ca\"},{\"@type\":\"Person\",\"@id\":\"https:\/\/oak2000.com\/#\/schema\/person\/4f481b3104486bfc65469e2fe80c54ac\",\"name\":\"oak2000\",\"image\":{\"@type\":\"ImageObject\",\"inLanguage\":\"ca\",\"@id\":\"https:\/\/oak2000.com\/#\/schema\/person\/image\/\",\"url\":\"https:\/\/oak2000.com\/wp-content\/uploads\/2025\/02\/cropped-favicon-100x100.png\",\"contentUrl\":\"https:\/\/oak2000.com\/wp-content\/uploads\/2025\/02\/cropped-favicon-100x100.png\",\"caption\":\"oak2000\"}}]}<\/script>\n<!-- \/ Yoast SEO plugin. -->","yoast_head_json":{"title":"Llums de disseny ic\u00f2niques que has de con\u00e8ixer | OAK 2000","description":"Repassem els llums m\u00e9s representatius de l'\u00faltim segle creades pels millors dissenyadors i que s'han convertit en icones de disseny.","robots":{"index":"index","follow":"follow","max-snippet":"max-snippet:-1","max-image-preview":"max-image-preview:large","max-video-preview":"max-video-preview:-1"},"canonical":"https:\/\/oak2000.com\/ca\/llums-de-disseny-iconiques\/","og_locale":"ca_ES","og_type":"article","og_title":"Llums de disseny ic\u00f2niques que has de con\u00e8ixer | OAK 2000","og_description":"Repassem els llums m\u00e9s representatius de l'\u00faltim segle creades pels millors dissenyadors i que s'han convertit en icones de disseny.","og_url":"https:\/\/oak2000.com\/ca\/llums-de-disseny-iconiques\/","og_site_name":"OAK 2000","article_published_time":"2022-05-18T08:30:10+00:00","article_modified_time":"2022-05-18T10:38:21+00:00","og_image":[{"width":564,"height":843,"url":"https:\/\/oak2000.com\/wp-content\/uploads\/2020\/07\/lamparas-diseno-iconicas-4.jpg","type":"image\/jpeg"}],"author":"oak2000","twitter_card":"summary_large_image","twitter_misc":{"Escrit per":"oak2000","Temps estimat de lectura":"4 minuts"},"schema":{"@context":"https:\/\/schema.org","@graph":[{"@type":"WebPage","@id":"https:\/\/oak2000.com\/ca\/llums-de-disseny-iconiques\/","url":"https:\/\/oak2000.com\/ca\/llums-de-disseny-iconiques\/","name":"Llums de disseny ic\u00f2niques que has de con\u00e8ixer | OAK 2000","isPartOf":{"@id":"https:\/\/oak2000.com\/#website"},"datePublished":"2022-05-18T08:30:10+00:00","dateModified":"2022-05-18T10:38:21+00:00","author":{"@id":"https:\/\/oak2000.com\/#\/schema\/person\/4f481b3104486bfc65469e2fe80c54ac"},"description":"Repassem els llums m\u00e9s representatius de l'\u00faltim segle creades pels millors dissenyadors i que s'han convertit en icones de disseny.","breadcrumb":{"@id":"https:\/\/oak2000.com\/ca\/llums-de-disseny-iconiques\/#breadcrumb"},"inLanguage":"ca","potentialAction":[{"@type":"ReadAction","target":["https:\/\/oak2000.com\/ca\/llums-de-disseny-iconiques\/"]}]},{"@type":"BreadcrumbList","@id":"https:\/\/oak2000.com\/ca\/llums-de-disseny-iconiques\/#breadcrumb","itemListElement":[{"@type":"ListItem","position":1,"name":"Portada","item":"https:\/\/oak2000.com\/"},{"@type":"ListItem","position":2,"name":"Llums de disseny ic\u00f2niques"}]},{"@type":"WebSite","@id":"https:\/\/oak2000.com\/#website","url":"https:\/\/oak2000.com\/","name":"OAK 2000","description":"","potentialAction":[{"@type":"SearchAction","target":{"@type":"EntryPoint","urlTemplate":"https:\/\/oak2000.com\/?s={search_term_string}"},"query-input":"required name=search_term_string"}],"inLanguage":"ca"},{"@type":"Person","@id":"https:\/\/oak2000.com\/#\/schema\/person\/4f481b3104486bfc65469e2fe80c54ac","name":"oak2000","image":{"@type":"ImageObject","inLanguage":"ca","@id":"https:\/\/oak2000.com\/#\/schema\/person\/image\/","url":"https:\/\/oak2000.com\/wp-content\/uploads\/2025\/02\/cropped-favicon-100x100.png","contentUrl":"https:\/\/oak2000.com\/wp-content\/uploads\/2025\/02\/cropped-favicon-100x100.png","caption":"oak2000"}}]}},"_links":{"self":[{"href":"https:\/\/oak2000.com\/ca\/wp-json\/wp\/v2\/posts\/15027"}],"collection":[{"href":"https:\/\/oak2000.com\/ca\/wp-json\/wp\/v2\/posts"}],"about":[{"href":"https:\/\/oak2000.com\/ca\/wp-json\/wp\/v2\/types\/post"}],"author":[{"embeddable":true,"href":"https:\/\/oak2000.com\/ca\/wp-json\/wp\/v2\/users\/1"}],"replies":[{"embeddable":true,"href":"https:\/\/oak2000.com\/ca\/wp-json\/wp\/v2\/comments?post=15027"}],"version-history":[{"count":1,"href":"https:\/\/oak2000.com\/ca\/wp-json\/wp\/v2\/posts\/15027\/revisions"}],"predecessor-version":[{"id":15031,"href":"https:\/\/oak2000.com\/ca\/wp-json\/wp\/v2\/posts\/15027\/revisions\/15031"}],"wp:featuredmedia":[{"embeddable":true,"href":"https:\/\/oak2000.com\/ca\/wp-json\/wp\/v2\/media\/12790"}],"wp:attachment":[{"href":"https:\/\/oak2000.com\/ca\/wp-json\/wp\/v2\/media?parent=15027"}],"wp:term":[{"taxonomy":"category","embeddable":true,"href":"https:\/\/oak2000.com\/ca\/wp-json\/wp\/v2\/categories?post=15027"},{"taxonomy":"post_tag","embeddable":true,"href":"https:\/\/oak2000.com\/ca\/wp-json\/wp\/v2\/tags?post=15027"}],"curies":[{"name":"wp","href":"https:\/\/api.w.org\/{rel}","templated":true}]}}