{"id":10186,"date":"2014-02-28T15:24:15","date_gmt":"2014-02-28T14:24:15","guid":{"rendered":"https:\/\/oak2000.com\/blog\/?p=38"},"modified":"2014-02-28T15:24:15","modified_gmt":"2014-02-28T14:24:15","slug":"reforma-barri-gotic-barcelona-2","status":"publish","type":"post","link":"https:\/\/oak2000.com\/ca\/reforma-barri-gotic-barcelona-2\/","title":{"rendered":"Reforma d&#8217;habitatge al Barri G\u00f2tic"},"content":{"rendered":"<p>En un edifici del <strong>casc antic de Barcelona, amb un estat de conservaci\u00f3 delicat<\/strong>, es va plantejar un projecte que consistia en la <strong>divisi\u00f3 horitzontal d\u2019un habitatge d\u2019uns 200m2 en dos unitats habitables<\/strong>. Aix\u00f2 s&#8217;havia de fer amb l\u2019enderroc de tots els envans, la modificaci\u00f3 de totes les instal\u00b7lacions obsoletes, la col\u00b7locaci\u00f3 de refor\u00e7os estructurals&#8230;<\/p>\n<p>El projecte plantejava un nou programa funcional amb dos habitatges que es tractaven paral\u00b7lelament en la seva reestructuraci\u00f3. A partir d\u2019una <strong>distribuci\u00f3 senzilla, que donava amplitud als espais i una idea de plasmar el car\u00e0cter original<\/strong> de la finca s\u2019iniciaven les obres en dues fases.<\/p>\nhttps:\/\/oak2000.com\/blog\/wp-content\/uploads\/2013\/11\/bn21.jpg\n<p><strong>Una primera fase<\/strong> (molt important!) va consistir en<strong> refor\u00e7ar estructuralment tots aquells punts afectats per a la nova distribuci\u00f3 que es plantejava<\/strong>. Aix\u00ed mateix, es van iniciar els treballs d\u2019extracci\u00f3, neteja i acopi per a posterior recol\u00b7locaci\u00f3 del paviment hidr\u00e0ulic original de l\u2019habitatge, el qual es recol\u00b7locaria amb una nova distribuci\u00f3 formant catifes de color. Tot seguit, es va continuar amb l\u2019enderroc de tots els envans existents, deixant un espai di\u00e0fan i ampli, que ens permet\u00e9s iniciar el replanteig de les noves divisions, alhora que, es va realitzar una capa d\u2019anivellament d\u2019uns 8-10cms amb formig\u00f3 lleuger que conced\u00eds espai per al pas de les instal\u00b7lacions de sanejament.<\/p>\n<p>Un cop finalitzat tot el proc\u00e9s de treballs previs, enderrocs i replantejos, \u00e9s va donar inici a una <strong>segona fase<\/strong>, que va consistir en l\u2019<strong>aixecament de totes i cadascuna de les divisions interiors<\/strong>, segons plantejament inicial, aix\u00ed com tot el proc\u00e8s de revestiments i acabats generals.<\/p>\n<p>Pel que fa a<strong> l\u2019habitatge m\u00e9s petit<\/strong>, el projecte proposava un espai de rebuda i passad\u00eds que comunicava l\u2019entrada amb dues habitacions \u00e0mplies, que comparteixen un bany complet (acabat amb revestiment de kourasanit), un petit bany de cortesia, un espai de rentat i la gran sala que cont\u00e9 l\u2019espai de cuina oberta.<\/p>\nhttps:\/\/oak2000.com\/blog\/wp-content\/uploads\/2013\/11\/bn41.jpg\n<p>En quant als acabats, l\u2019espai de cuina\/menjador\/sala conserva el paviment hidr\u00e0ulic original, amb una nova distribuci\u00f3, alhora que s\u2019ha col\u00b7locat uns finestrals nous de fusta de pi tractada, pintats amb pintura a l\u2019aigua, remarcant les betes de la fusta, aix\u00ed com, s\u2019ha donat import\u00e0ncia a les bigues originals de fusta, netejades manualment, una a una, i pintades amb pintura a l\u2019aigua; pel que fa a l\u2019espai de les habitacions, s\u2019ha col\u00b7locat un paviment de fusta de bamb\u00fa clar, que d\u00f3na unes propietats molt bones en quant a resist\u00e8ncia, manteniment i durabilitat. Les portes, noves, s\u00f3n de DM esmaltades en color blanc.<\/p>\n<p>D\u2019altra banda, en <strong>l\u2019habitatge principal<\/strong>, el projecte plantejava un espai d\u2019entrada que articulava la zona de dia amb la zona de nit.<\/p>\n<p>Dos habitacions i dos banys, conformen la zona de nit, i s\u2019uneixen per un passad\u00eds amb il\u00b7luminaci\u00f3 perimetral de LED que dona amplitud i profunditat.<\/p>\nhttps:\/\/oak2000.com\/blog\/wp-content\/uploads\/2013\/11\/bn31.jpg\n<p>Una cuina oberta, dins d\u2019un gran espai di\u00e0fan segmentat per una porta corredera de grans dimensions, un espai de rentat i un bany de cortesia, representen l\u2019espai di\u00fcrn. En aquesta gran sala, espai protagonista del projecte, es proposa una cuina amb car\u00e0cter minimalista, la qual continua fins a l\u2019espai d\u2019estar, que dona una estrat\u00e8gia de prolongaci\u00f3 i unificaci\u00f3. En aquest espai, destaca la conservaci\u00f3 de les pintures dels paraments verticals (un estuc de cal\u00e7) donant rellev\u00e0ncia i import\u00e0ncia a l\u2019origen de l\u2019edifici. Pel que fa als paviments, s\u2019ha recol\u00b7locat el paviment hidr\u00e0ulic a mode de catifa central, amb un remat de kourasanit en tot el per\u00edmetre, alhora que s\u2019ha netejat totes les bigues de fusta, per a posterior pintar-les a l\u2019aigua.<\/p>\nhttps:\/\/oak2000.com\/blog\/wp-content\/uploads\/2013\/11\/bn51.jpg\n<p>En definitiva, un projecte que pret\u00e9n mantenir una estrat\u00e8gia de conservaci\u00f3 de l\u2019original, adoptant els materials i acabats m\u00e9s vanguardistes i innovadors.<\/p>\n","protected":false},"excerpt":{"rendered":"<p>En un edifici del casc antic de Barcelona, amb un estat de conservaci\u00f3 delicat, es va plantejar un projecte que consistia en la divisi\u00f3 horitzontal d\u2019un habitatge d\u2019uns 200m2 en&#8230;<\/p>\n","protected":false},"author":1,"featured_media":9434,"comment_status":"open","ping_status":"open","sticky":false,"template":"","format":"standard","meta":{"footnotes":""},"categories":[463],"tags":[464,465,466],"yoast_head":"<!-- This site is optimized with the Yoast SEO plugin v21.5 - https:\/\/yoast.com\/wordpress\/plugins\/seo\/ -->\n<title>Reforma d&#039;habitatge al Barri G\u00f2tic - OAK 2000<\/title>\n<meta name=\"robots\" content=\"index, follow, max-snippet:-1, max-image-preview:large, max-video-preview:-1\" \/>\n<link rel=\"canonical\" href=\"https:\/\/oak2000.com\/ca\/reforma-barri-gotic-barcelona-2\/\" \/>\n<meta property=\"og:locale\" content=\"ca_ES\" \/>\n<meta property=\"og:type\" content=\"article\" \/>\n<meta property=\"og:title\" content=\"Reforma d&#039;habitatge al Barri G\u00f2tic - OAK 2000\" \/>\n<meta property=\"og:description\" content=\"En un edifici del casc antic de Barcelona, amb un estat de conservaci\u00f3 delicat, es va plantejar un projecte que consistia en la divisi\u00f3 horitzontal d\u2019un habitatge d\u2019uns 200m2 en...\" \/>\n<meta property=\"og:url\" content=\"https:\/\/oak2000.com\/ca\/reforma-barri-gotic-barcelona-2\/\" \/>\n<meta property=\"og:site_name\" content=\"OAK 2000\" \/>\n<meta property=\"article:published_time\" content=\"2014-02-28T14:24:15+00:00\" \/>\n<meta property=\"og:image\" content=\"https:\/\/oak2000.com\/wp-content\/uploads\/2014\/02\/36-1.jpg\" \/>\n\t<meta property=\"og:image:width\" content=\"600\" \/>\n\t<meta property=\"og:image:height\" content=\"400\" \/>\n\t<meta property=\"og:image:type\" content=\"image\/jpeg\" \/>\n<meta name=\"author\" content=\"oak2000\" \/>\n<meta name=\"twitter:card\" content=\"summary_large_image\" \/>\n<meta name=\"twitter:label1\" content=\"Escrit per\" \/>\n\t<meta name=\"twitter:data1\" content=\"oak2000\" \/>\n\t<meta name=\"twitter:label2\" content=\"Temps estimat de lectura\" \/>\n\t<meta name=\"twitter:data2\" content=\"4 minuts\" \/>\n<script type=\"application\/ld+json\" class=\"yoast-schema-graph\">{\"@context\":\"https:\/\/schema.org\",\"@graph\":[{\"@type\":\"WebPage\",\"@id\":\"https:\/\/oak2000.com\/ca\/reforma-barri-gotic-barcelona-2\/\",\"url\":\"https:\/\/oak2000.com\/ca\/reforma-barri-gotic-barcelona-2\/\",\"name\":\"Reforma d'habitatge al Barri G\u00f2tic - OAK 2000\",\"isPartOf\":{\"@id\":\"https:\/\/oak2000.com\/#website\"},\"datePublished\":\"2014-02-28T14:24:15+00:00\",\"dateModified\":\"2014-02-28T14:24:15+00:00\",\"author\":{\"@id\":\"https:\/\/oak2000.com\/#\/schema\/person\/4f481b3104486bfc65469e2fe80c54ac\"},\"breadcrumb\":{\"@id\":\"https:\/\/oak2000.com\/ca\/reforma-barri-gotic-barcelona-2\/#breadcrumb\"},\"inLanguage\":\"ca\",\"potentialAction\":[{\"@type\":\"ReadAction\",\"target\":[\"https:\/\/oak2000.com\/ca\/reforma-barri-gotic-barcelona-2\/\"]}]},{\"@type\":\"BreadcrumbList\",\"@id\":\"https:\/\/oak2000.com\/ca\/reforma-barri-gotic-barcelona-2\/#breadcrumb\",\"itemListElement\":[{\"@type\":\"ListItem\",\"position\":1,\"name\":\"Portada\",\"item\":\"https:\/\/oak2000.com\/\"},{\"@type\":\"ListItem\",\"position\":2,\"name\":\"Reforma d&#8217;habitatge al Barri G\u00f2tic\"}]},{\"@type\":\"WebSite\",\"@id\":\"https:\/\/oak2000.com\/#website\",\"url\":\"https:\/\/oak2000.com\/\",\"name\":\"OAK 2000\",\"description\":\"\",\"potentialAction\":[{\"@type\":\"SearchAction\",\"target\":{\"@type\":\"EntryPoint\",\"urlTemplate\":\"https:\/\/oak2000.com\/?s={search_term_string}\"},\"query-input\":\"required name=search_term_string\"}],\"inLanguage\":\"ca\"},{\"@type\":\"Person\",\"@id\":\"https:\/\/oak2000.com\/#\/schema\/person\/4f481b3104486bfc65469e2fe80c54ac\",\"name\":\"oak2000\",\"image\":{\"@type\":\"ImageObject\",\"inLanguage\":\"ca\",\"@id\":\"https:\/\/oak2000.com\/#\/schema\/person\/image\/\",\"url\":\"https:\/\/oak2000.com\/wp-content\/uploads\/2025\/02\/cropped-favicon-100x100.png\",\"contentUrl\":\"https:\/\/oak2000.com\/wp-content\/uploads\/2025\/02\/cropped-favicon-100x100.png\",\"caption\":\"oak2000\"}}]}<\/script>\n<!-- \/ Yoast SEO plugin. -->","yoast_head_json":{"title":"Reforma d'habitatge al Barri G\u00f2tic - OAK 2000","robots":{"index":"index","follow":"follow","max-snippet":"max-snippet:-1","max-image-preview":"max-image-preview:large","max-video-preview":"max-video-preview:-1"},"canonical":"https:\/\/oak2000.com\/ca\/reforma-barri-gotic-barcelona-2\/","og_locale":"ca_ES","og_type":"article","og_title":"Reforma d'habitatge al Barri G\u00f2tic - OAK 2000","og_description":"En un edifici del casc antic de Barcelona, amb un estat de conservaci\u00f3 delicat, es va plantejar un projecte que consistia en la divisi\u00f3 horitzontal d\u2019un habitatge d\u2019uns 200m2 en...","og_url":"https:\/\/oak2000.com\/ca\/reforma-barri-gotic-barcelona-2\/","og_site_name":"OAK 2000","article_published_time":"2014-02-28T14:24:15+00:00","og_image":[{"width":600,"height":400,"url":"https:\/\/oak2000.com\/wp-content\/uploads\/2014\/02\/36-1.jpg","type":"image\/jpeg"}],"author":"oak2000","twitter_card":"summary_large_image","twitter_misc":{"Escrit per":"oak2000","Temps estimat de lectura":"4 minuts"},"schema":{"@context":"https:\/\/schema.org","@graph":[{"@type":"WebPage","@id":"https:\/\/oak2000.com\/ca\/reforma-barri-gotic-barcelona-2\/","url":"https:\/\/oak2000.com\/ca\/reforma-barri-gotic-barcelona-2\/","name":"Reforma d'habitatge al Barri G\u00f2tic - OAK 2000","isPartOf":{"@id":"https:\/\/oak2000.com\/#website"},"datePublished":"2014-02-28T14:24:15+00:00","dateModified":"2014-02-28T14:24:15+00:00","author":{"@id":"https:\/\/oak2000.com\/#\/schema\/person\/4f481b3104486bfc65469e2fe80c54ac"},"breadcrumb":{"@id":"https:\/\/oak2000.com\/ca\/reforma-barri-gotic-barcelona-2\/#breadcrumb"},"inLanguage":"ca","potentialAction":[{"@type":"ReadAction","target":["https:\/\/oak2000.com\/ca\/reforma-barri-gotic-barcelona-2\/"]}]},{"@type":"BreadcrumbList","@id":"https:\/\/oak2000.com\/ca\/reforma-barri-gotic-barcelona-2\/#breadcrumb","itemListElement":[{"@type":"ListItem","position":1,"name":"Portada","item":"https:\/\/oak2000.com\/"},{"@type":"ListItem","position":2,"name":"Reforma d&#8217;habitatge al Barri G\u00f2tic"}]},{"@type":"WebSite","@id":"https:\/\/oak2000.com\/#website","url":"https:\/\/oak2000.com\/","name":"OAK 2000","description":"","potentialAction":[{"@type":"SearchAction","target":{"@type":"EntryPoint","urlTemplate":"https:\/\/oak2000.com\/?s={search_term_string}"},"query-input":"required name=search_term_string"}],"inLanguage":"ca"},{"@type":"Person","@id":"https:\/\/oak2000.com\/#\/schema\/person\/4f481b3104486bfc65469e2fe80c54ac","name":"oak2000","image":{"@type":"ImageObject","inLanguage":"ca","@id":"https:\/\/oak2000.com\/#\/schema\/person\/image\/","url":"https:\/\/oak2000.com\/wp-content\/uploads\/2025\/02\/cropped-favicon-100x100.png","contentUrl":"https:\/\/oak2000.com\/wp-content\/uploads\/2025\/02\/cropped-favicon-100x100.png","caption":"oak2000"}}]}},"_links":{"self":[{"href":"https:\/\/oak2000.com\/ca\/wp-json\/wp\/v2\/posts\/10186"}],"collection":[{"href":"https:\/\/oak2000.com\/ca\/wp-json\/wp\/v2\/posts"}],"about":[{"href":"https:\/\/oak2000.com\/ca\/wp-json\/wp\/v2\/types\/post"}],"author":[{"embeddable":true,"href":"https:\/\/oak2000.com\/ca\/wp-json\/wp\/v2\/users\/1"}],"replies":[{"embeddable":true,"href":"https:\/\/oak2000.com\/ca\/wp-json\/wp\/v2\/comments?post=10186"}],"version-history":[{"count":0,"href":"https:\/\/oak2000.com\/ca\/wp-json\/wp\/v2\/posts\/10186\/revisions"}],"wp:featuredmedia":[{"embeddable":true,"href":"https:\/\/oak2000.com\/ca\/wp-json\/wp\/v2\/media\/9434"}],"wp:attachment":[{"href":"https:\/\/oak2000.com\/ca\/wp-json\/wp\/v2\/media?parent=10186"}],"wp:term":[{"taxonomy":"category","embeddable":true,"href":"https:\/\/oak2000.com\/ca\/wp-json\/wp\/v2\/categories?post=10186"},{"taxonomy":"post_tag","embeddable":true,"href":"https:\/\/oak2000.com\/ca\/wp-json\/wp\/v2\/tags?post=10186"}],"curies":[{"name":"wp","href":"https:\/\/api.w.org\/{rel}","templated":true}]}}